{"id":6893,"date":"2007-03-29T00:00:00","date_gmt":"2007-03-29T03:00:00","guid":{"rendered":"https:\/\/crea-mt.org.br\/portal\/lula-empossa-ministros-e-sinaliza-nova-reforma-da-previdencia\/"},"modified":"2007-03-29T00:00:00","modified_gmt":"2007-03-29T03:00:00","slug":"lula-empossa-ministros-e-sinaliza-nova-reforma-da-previdencia","status":"publish","type":"post","link":"https:\/\/www.crea-mt.org.br\/portal\/lula-empossa-ministros-e-sinaliza-nova-reforma-da-previdencia\/","title":{"rendered":"Lula empossa ministros e sinaliza nova reforma da Previd\u00eancia"},"content":{"rendered":"<p>Bras\u00edlia, DF &#8211; O presidente Luiz In\u00e1cio Lula da Silva finalizou nesta quinta-feira a reforma ministerial dando posse a cinco novos integrantes de sua equipe: Carlos Lupi (Trabalho), Miguel Jorge (Desenvolvimento, Ind\u00fastria e Com\u00e9rcio), Alfredo Nascimento (Transportes), Luiz Marinho (Previd\u00eancia) e Franklin Martins (Comunica\u00e7\u00e3o Social). <\/p>\n<p>Na posse dos novos ministros, Lula sinalizou que pretende realizar uma nova reforma da Previd\u00eancia. &#8220;\u00c9 preciso dar a conta da Previd\u00eancia Social. E pensei que era o Marinho [a pessoa certa para ir para a previd\u00eancia] porque ele tinha perfil. Tirei ele do Trabalho com a certeza de que se ele imprimir no Minist\u00e9rio da Previd\u00eancia o mesmo ritmo de trabalho e seriedade que imprimiu em S\u00e3o Bernardo, na CUT, no esfor\u00e7o que fez para se formar em direito, eu quero avisar a todos aqueles que acham que a previd\u00eancia \u00e9 insol\u00favel de que ela vai ser consertada sem que a gente jogue no colo dos pobres a responsabilidade pelo d\u00e9ficit da previd\u00eancia social nesse pa\u00eds&#8221;, disse ele ao justificar a da de Marinho para a Previd\u00eancia. <\/p>\n<p>Lula afirmou ainda que n\u00e3o entregou a Previd\u00eancia para Carlos Lupi, presidente do PDT, porque sabe que ele teria dificuldade dentro do seu partido para realizar mudan\u00e7as necess\u00e1rias na \u00e1rea previdenci\u00e1ria. &#8220;Trouxe o Lupi para o Trabalho. A imprensa vazou que seria a Previd\u00eancia. Por que [ele n\u00e3o ficou com a Previd\u00eancia]? Primeiro porque conhe\u00e7o o pensamento do PDT. Porque era muito complicado colocar companheiro para fazer pol\u00edtica na Previd\u00eancia sabendo que para seu partido essa \u00e9 uma coisa de f\u00e9. Ele teria dificuldade em alguns temas que vamos ter que discutir para as futuras gera\u00e7\u00f5es.&#8221; <\/p>\n<p>O presidente sinalizou ainda que a proposta de reforma da Previd\u00eancia n\u00e3o vai partir do Executivo. &#8220;N\u00e3o queremos que seja uma proposta do governo, mas da sociedade. Vamos permitir que as novas gera\u00e7\u00f5es tenham um sistema mais condizente com necessidade dos trabalhadores.&#8221; <\/p>\n<p>D\u00e9ficit<br \/>\nOutro ponto que deve fazer parte dessa reforma \u00e9 a mudan\u00e7a do c\u00e1lculo do d\u00e9ficit da Previd\u00eancia. Lula disse hoje que o chamado d\u00e9ficit da Previd\u00eancia \u00e9 muito menor que os n\u00fameros mostrados mensalmente. &#8220;H\u00e1 um d\u00e9ficit que n\u00e3o reconhe\u00e7o como d\u00e9fict. O que chamamos de d\u00e9ficit na Previd\u00eancia \u00e9 muito menor que os n\u00fameros que aparecem, de R$ 47 bilh\u00f5es&#8221;, afirmou. <\/p>\n<p>Lula disse que dentro dessa conta entra o pagamento de benef\u00edcios sociais, como a aposentadoria rural, por idade e o Loas. &#8220;Parte dos R$ 47 bilh\u00f5es significa pol\u00edtica social que n\u00f3s, a partir da Constitui\u00e7\u00e3o de 1988, introduzimos. H\u00e1 aposentadoria rural, pol\u00edticas sociais para idosos e portadores de defici\u00eancia.&#8221; Apesar de defender a mudan\u00e7a do c\u00e1lculo do d\u00e9ficit previdenci\u00e1rio, Lula admitiu que existe um buraco no caixa p\u00fablico que precisar\u00e1 ser honrado. N\u00e3o vamos dizer que \u00e9 d\u00e9ficit da Previd\u00eancia, mas \u00e9 do Tesouro. E se \u00e9 do Tesouro, tamb\u00e9m \u00e9 nosso.&#8221;. <\/p>\n<p>A nova conta do d\u00e9ficit<br \/>\nO governo federal discute uma nova forma de contabiliza\u00e7\u00e3o de receitas com o objetivo de reduzir o d\u00e9ficit da Previd\u00eancia Social, que no ano passado foi de R$ 42,065 bilh\u00f5es. A justificativa para essa altera\u00e7\u00e3o \u00e9 que anualmente se deixa de arrecadar R$ 18 bilh\u00f5es com ren\u00fancias dadas a diversas \u00e1reas. No entanto, a medida n\u00e3o teria um impacto fiscal, j\u00e1 que n\u00e3o ocorrer\u00e1 um aumento efetivo de arrecada\u00e7\u00e3o. <\/p>\n<p>Hoje, todo o d\u00e9ficit \u00e9 coberto pelo Tesouro Nacional. O governo defende que a Previd\u00eancia receba as receitas referentes a essas ren\u00fancias previdenci\u00e1rias &#8211;empresas que fazem parte do Simples, entidades filantr\u00f3picas e clubes de futebol, entre outros&#8211; para reduzir o d\u00e9ficit. A fonte desses recursos, entretanto, continuaria sendo a mesma, o Tesouro. <\/p>\n<p>Fonte:Da FolhaNews<\/p>\n","protected":false},"excerpt":{"rendered":"<p>Bras\u00edlia, DF &#8211; O presidente Luiz In\u00e1cio Lula da Silva finalizou nesta quinta-feira a reforma ministerial dando posse a cinco novos integrantes de sua equipe: Carlos Lupi (Trabalho), Miguel Jorge (Desenvolvimento, Ind\u00fastria e Com\u00e9rcio), Alfredo Nascimento (Transportes), Luiz Marinho (Previd\u00eancia) e Franklin Martins (Comunica\u00e7\u00e3o Social). Na posse dos novos ministros, Lula sinalizou que pretende realizar [&hellip;]<\/p>\n","protected":false},"author":1,"featured_media":0,"comment_status":"open","ping_status":"open","sticky":false,"template":"","format":"standard","meta":{"footnotes":""},"categories":[1],"tags":[],"class_list":["post-6893","post","type-post","status-publish","format-standard","hentry","category-noticias"],"acf":[],"_links":{"self":[{"href":"https:\/\/www.crea-mt.org.br\/portal\/wp-json\/wp\/v2\/posts\/6893","targetHints":{"allow":["GET"]}}],"collection":[{"href":"https:\/\/www.crea-mt.org.br\/portal\/wp-json\/wp\/v2\/posts"}],"about":[{"href":"https:\/\/www.crea-mt.org.br\/portal\/wp-json\/wp\/v2\/types\/post"}],"author":[{"embeddable":true,"href":"https:\/\/www.crea-mt.org.br\/portal\/wp-json\/wp\/v2\/users\/1"}],"replies":[{"embeddable":true,"href":"https:\/\/www.crea-mt.org.br\/portal\/wp-json\/wp\/v2\/comments?post=6893"}],"version-history":[{"count":0,"href":"https:\/\/www.crea-mt.org.br\/portal\/wp-json\/wp\/v2\/posts\/6893\/revisions"}],"wp:attachment":[{"href":"https:\/\/www.crea-mt.org.br\/portal\/wp-json\/wp\/v2\/media?parent=6893"}],"wp:term":[{"taxonomy":"category","embeddable":true,"href":"https:\/\/www.crea-mt.org.br\/portal\/wp-json\/wp\/v2\/categories?post=6893"},{"taxonomy":"post_tag","embeddable":true,"href":"https:\/\/www.crea-mt.org.br\/portal\/wp-json\/wp\/v2\/tags?post=6893"}],"curies":[{"name":"wp","href":"https:\/\/api.w.org\/{rel}","templated":true}]}}