{"id":6892,"date":"2007-03-29T00:00:00","date_gmt":"2007-03-29T03:00:00","guid":{"rendered":"https:\/\/crea-mt.org.br\/portal\/marcos-tulio-entrega-certificados-do-curso-de-legislacao\/"},"modified":"2007-03-29T00:00:00","modified_gmt":"2007-03-29T03:00:00","slug":"marcos-tulio-entrega-certificados-do-curso-de-legislacao","status":"publish","type":"post","link":"https:\/\/www.crea-mt.org.br\/portal\/marcos-tulio-entrega-certificados-do-curso-de-legislacao\/","title":{"rendered":"Marcos T\u00falio entrega certificados do Curso de Legisla\u00e7\u00e3o"},"content":{"rendered":"<p>&#8220;Nossa casa precisa dar passos importantes e ter funcion\u00e1rios com conhecimento pleno&#8221;. Com essas palavras, o presidente do Confea, eng. civil Marcos T\u00falio de Melo, iniciou a entrega dos certificados \u00e0 segunda turma do Curso B\u00e1sico de Legisla\u00e7\u00e3o Profissional do Sistema Confea \/ Crea \/ M\u00fatua, realizada ontem, 28\/3, na sede do Confea, em Bras\u00edlia.<\/p>\n<p>Ministrado pelo professor Otaviano Eug\u00eanio Batista, o curso prev\u00ea a efetiva\u00e7\u00e3o de novos projetos e prepara os colaboradores para o concurso interno de progress\u00e3o vertical, &#8220;que deve acontecer a partir do m\u00eas que vem&#8221;, anunciou o presidente. Mas, segundo os pr\u00f3prios alunos, a experi\u00eancia oferece muito mais.<\/p>\n<p>&#8220;O curso proporciona maior conhecimento sobre a casa, que, al\u00e9m de fazer parte das nossas vidas, contribui para a sociedade&#8221;, afirmou o orador da turma, Adahilton Milton Belloti, que trabalha na ger\u00eancia de marketing do Confea. Segundo ele, \u00e9 vis\u00edvel a maior intera\u00e7\u00e3o entre os colegas de curso.<\/p>\n<p>Ao fim de 22 dias, o professor Otaviano repetiu com a segunda turma, o sucesso obtido com a primeira. Na opini\u00e3o dos alunos, o sucesso do curso \u00e9 evidente.<\/p>\n<p>Marcos T\u00falio agradeceu a iniciativa do professor e anunciou que o curso deve prosseguir com a forma\u00e7\u00e3o de novas turmas, visando aperfei\u00e7oar os servi\u00e7os prestados pelo Confea.<\/p>\n<p>Fonte: Confea <\/p>\n","protected":false},"excerpt":{"rendered":"<p>&#8220;Nossa casa precisa dar passos importantes e ter funcion\u00e1rios com conhecimento pleno&#8221;. Com essas palavras, o presidente do Confea, eng. civil Marcos T\u00falio de Melo, iniciou a entrega dos certificados \u00e0 segunda turma do Curso B\u00e1sico de Legisla\u00e7\u00e3o Profissional do Sistema Confea \/ Crea \/ M\u00fatua, realizada ontem, 28\/3, na sede do Confea, em Bras\u00edlia. [&hellip;]<\/p>\n","protected":false},"author":1,"featured_media":0,"comment_status":"open","ping_status":"open","sticky":false,"template":"","format":"standard","meta":{"footnotes":""},"categories":[1],"tags":[],"class_list":["post-6892","post","type-post","status-publish","format-standard","hentry","category-noticias"],"acf":[],"_links":{"self":[{"href":"https:\/\/www.crea-mt.org.br\/portal\/wp-json\/wp\/v2\/posts\/6892","targetHints":{"allow":["GET"]}}],"collection":[{"href":"https:\/\/www.crea-mt.org.br\/portal\/wp-json\/wp\/v2\/posts"}],"about":[{"href":"https:\/\/www.crea-mt.org.br\/portal\/wp-json\/wp\/v2\/types\/post"}],"author":[{"embeddable":true,"href":"https:\/\/www.crea-mt.org.br\/portal\/wp-json\/wp\/v2\/users\/1"}],"replies":[{"embeddable":true,"href":"https:\/\/www.crea-mt.org.br\/portal\/wp-json\/wp\/v2\/comments?post=6892"}],"version-history":[{"count":0,"href":"https:\/\/www.crea-mt.org.br\/portal\/wp-json\/wp\/v2\/posts\/6892\/revisions"}],"wp:attachment":[{"href":"https:\/\/www.crea-mt.org.br\/portal\/wp-json\/wp\/v2\/media?parent=6892"}],"wp:term":[{"taxonomy":"category","embeddable":true,"href":"https:\/\/www.crea-mt.org.br\/portal\/wp-json\/wp\/v2\/categories?post=6892"},{"taxonomy":"post_tag","embeddable":true,"href":"https:\/\/www.crea-mt.org.br\/portal\/wp-json\/wp\/v2\/tags?post=6892"}],"curies":[{"name":"wp","href":"https:\/\/api.w.org\/{rel}","templated":true}]}}