{"id":6891,"date":"2007-03-29T00:00:00","date_gmt":"2007-03-29T03:00:00","guid":{"rendered":"https:\/\/crea-mt.org.br\/portal\/responsabilidade-profissional-e-tema-de-seminario-em-arapiraca\/"},"modified":"2007-03-29T00:00:00","modified_gmt":"2007-03-29T03:00:00","slug":"responsabilidade-profissional-e-tema-de-seminario-em-arapiraca","status":"publish","type":"post","link":"https:\/\/www.crea-mt.org.br\/portal\/responsabilidade-profissional-e-tema-de-seminario-em-arapiraca\/","title":{"rendered":"&#8220;Responsabilidade Profissional&#8221; \u00e9 tema de semin\u00e1rio em Arapiraca"},"content":{"rendered":"<p>O prefeito de Arapiraca (AL), eng. civil Luciano Barbosa, abriu as portas para a realiza\u00e7\u00e3o do semin\u00e1rio &#8220;Responsabilidade Profissional&#8221;, promovido pelo Conselho Regional de Engenharia, Arquitetura e Agronomia de Alagoas (Crea-AL) em 22 de mar\u00e7o. Arapiraca \u00e9 a maior cidade do Estado.<\/p>\n<p>Participaram do evento autoridades municipais, inspetores do Crea, profissionais, servidores da administra\u00e7\u00e3o direta, dirigentes de entidades profissionais, pol\u00edticos da regi\u00e3o e representantes da sociedade civil<br \/>\n.<br \/>\nO prefeito abriu o evento mostrando as a\u00e7\u00f5es da administra\u00e7\u00e3o municipal, que tem aberto espa\u00e7o aos engenheiros e arquitetos dentro do governo do munic\u00edpio visando \u00e0 valoriza\u00e7\u00e3o das profiss\u00f5es. &#8220;Queremos melhorar a infra-estrutura da cidade para que ela cres\u00e7a obedecendo a um planejamento urbano. N\u00e3o podemos abrir m\u00e3o dos profissionais da \u00e1rea tecnol\u00f3gica&#8221;, ressaltou Luciano Barbosa.<\/p>\n<p>Tr\u00eas palestras refor\u00e7aram o semin\u00e1rio: &#8220;O novo Crea-AL &#8211; a\u00e7\u00f5es desenvolvidas e programadas&#8221;, proferida pelo presidente engenherio civil Alo\u00edsio Ferreira; &#8220;A legisla\u00e7\u00e3o profissional no contexto social&#8221;, apresentada pelo assessor t\u00e9cnico engenheiro civil Jackson Cabral; e &#8220;Da teoria \u00e0 pr\u00e1tica &#8211; Aplica\u00e7\u00e3o dos 7 h\u00e1bitos das pessoas altamente eficazes&#8221;, ministrada pelo superintendente arquiteto Osvaldo Fonseca.<\/p>\n<p>FPI da acessibilidade<br \/>\nNa parte da manh\u00e3, sob o comando da ger\u00eancia de fiscaliza\u00e7\u00e3o do Crea-AL, foi realizada uma Fiscaliza\u00e7\u00e3o Preventiva Integrada (FPI) nas ruas e pra\u00e7as do centro da cidade, verificando o problema da acessibilidade, e contou com as presen\u00e7as de fiscais da prefeitura, representantes do Corpo de Bombeiros, vigil\u00e2ncia sanit\u00e1ria, Meio Ambiente e Minist\u00e9rio P\u00fablico. &#8220;Cada \u00f3rg\u00e3o ir\u00e1 fazer um relat\u00f3rio do que foi detectado e depois encaminharemos ao prefeito Luciano&#8221;, disse o assessor t\u00e9cnico Jackson Cabral que acompanhou os trabalhos.<\/p>\n<p>Fonte:Crea-AL<\/p>\n","protected":false},"excerpt":{"rendered":"<p>O prefeito de Arapiraca (AL), eng. civil Luciano Barbosa, abriu as portas para a realiza\u00e7\u00e3o do semin\u00e1rio &#8220;Responsabilidade Profissional&#8221;, promovido pelo Conselho Regional de Engenharia, Arquitetura e Agronomia de Alagoas (Crea-AL) em 22 de mar\u00e7o. Arapiraca \u00e9 a maior cidade do Estado. Participaram do evento autoridades municipais, inspetores do Crea, profissionais, servidores da administra\u00e7\u00e3o direta, [&hellip;]<\/p>\n","protected":false},"author":1,"featured_media":0,"comment_status":"open","ping_status":"open","sticky":false,"template":"","format":"standard","meta":{"footnotes":""},"categories":[1],"tags":[],"class_list":["post-6891","post","type-post","status-publish","format-standard","hentry","category-noticias"],"acf":[],"_links":{"self":[{"href":"https:\/\/www.crea-mt.org.br\/portal\/wp-json\/wp\/v2\/posts\/6891","targetHints":{"allow":["GET"]}}],"collection":[{"href":"https:\/\/www.crea-mt.org.br\/portal\/wp-json\/wp\/v2\/posts"}],"about":[{"href":"https:\/\/www.crea-mt.org.br\/portal\/wp-json\/wp\/v2\/types\/post"}],"author":[{"embeddable":true,"href":"https:\/\/www.crea-mt.org.br\/portal\/wp-json\/wp\/v2\/users\/1"}],"replies":[{"embeddable":true,"href":"https:\/\/www.crea-mt.org.br\/portal\/wp-json\/wp\/v2\/comments?post=6891"}],"version-history":[{"count":0,"href":"https:\/\/www.crea-mt.org.br\/portal\/wp-json\/wp\/v2\/posts\/6891\/revisions"}],"wp:attachment":[{"href":"https:\/\/www.crea-mt.org.br\/portal\/wp-json\/wp\/v2\/media?parent=6891"}],"wp:term":[{"taxonomy":"category","embeddable":true,"href":"https:\/\/www.crea-mt.org.br\/portal\/wp-json\/wp\/v2\/categories?post=6891"},{"taxonomy":"post_tag","embeddable":true,"href":"https:\/\/www.crea-mt.org.br\/portal\/wp-json\/wp\/v2\/tags?post=6891"}],"curies":[{"name":"wp","href":"https:\/\/api.w.org\/{rel}","templated":true}]}}