{"id":6890,"date":"2007-03-29T00:00:00","date_gmt":"2007-03-29T03:00:00","guid":{"rendered":"https:\/\/crea-mt.org.br\/portal\/profissionais-do-parana-discutem-acessibilidade\/"},"modified":"2007-03-29T00:00:00","modified_gmt":"2007-03-29T03:00:00","slug":"profissionais-do-parana-discutem-acessibilidade","status":"publish","type":"post","link":"https:\/\/www.crea-mt.org.br\/portal\/profissionais-do-parana-discutem-acessibilidade\/","title":{"rendered":"Profissionais do Paran\u00e1 discutem Acessibilidade"},"content":{"rendered":"<p>Acessibilidade \u00e9 discutida por profissionais na Tuiuti do PR A 4\u00aa reuni\u00e3o do F\u00f3rum permanente sobre Acessibilidade, do Conselho Regional de Engenharia, Arquitetura e Agronomia do Paran\u00e1 (Crea-PR) reuniu cerca de 115 pessoas dia 20 de mar\u00e7o. A anfitri\u00e3, dessa vez, foi a Universidade Tuiuti do Paran\u00e1 (UTP). <\/p>\n<p>No evento, o representante da diretoria do Crea-PR no Programa de Acessibilidade, eng. civil Joel Kruger, fez uma apresenta\u00e7\u00e3o sobre os avan\u00e7os do programa como a reforma da sede do Crea-PR e as reuni\u00f5es j\u00e1 realizadas. Foram apresentados tamb\u00e9m o Projeto Interdisciplinar: Promo\u00e7\u00e3oHumana em Sa\u00fade e a Pol\u00edtica da Educa\u00e7\u00e3o Inclusiva na UTP\/Acesso e Perman\u00eancia. <\/p>\n<p>O objetivo do projeto \u00e9 desenvolver valores essenciais como a vida, a solidariedade, a democracia, a eq\u00fcidade e a parceria, visando o desenvolvimento de ambientes f\u00edsicos, sociais, econ\u00f4micos e pol\u00edticos favor\u00e1veis \u00e0 sa\u00fade. &#8220;A gest\u00e3o da pol\u00edtica de educa\u00e7\u00e3o inclusiva da UTP fundamenta-se em preceitos de democracia, cidadania e participa\u00e7\u00e3o social&#8221;, disse a presidente da Comiss\u00e3o de Educa\u00e7\u00e3o Inclusiva da UTP, Vanessa de Camargo Hermann. <\/p>\n<p>Na continuidade do evento houve a apresenta\u00e7\u00e3o de trabalhos de alunos dos cursos de Arquitetura e Urbanismo e Engenharia Mec\u00e2nica e Engenharia El\u00e9trica da UTP. Pessoas com defici\u00eancia, alunos e ex-alunos da UTP tamb\u00e9m colaboraram com depoimentos. <\/p>\n<p>A pr\u00f3xima reuni\u00e3o ser\u00e1 organizada pela Prefeitura de Curitiba em junho. Mais informa\u00e7\u00f5es sobre o F\u00f3rum Permanente sobre Acessibilidade do Crea-PR pelo telefone (41) 3350-6809 ou no site www.crea-pr.org.br. <\/p>\n<p>Fonte:Crea-PR<\/p>\n","protected":false},"excerpt":{"rendered":"<p>Acessibilidade \u00e9 discutida por profissionais na Tuiuti do PR A 4\u00aa reuni\u00e3o do F\u00f3rum permanente sobre Acessibilidade, do Conselho Regional de Engenharia, Arquitetura e Agronomia do Paran\u00e1 (Crea-PR) reuniu cerca de 115 pessoas dia 20 de mar\u00e7o. A anfitri\u00e3, dessa vez, foi a Universidade Tuiuti do Paran\u00e1 (UTP). No evento, o representante da diretoria do [&hellip;]<\/p>\n","protected":false},"author":1,"featured_media":0,"comment_status":"open","ping_status":"open","sticky":false,"template":"","format":"standard","meta":{"footnotes":""},"categories":[1],"tags":[],"class_list":["post-6890","post","type-post","status-publish","format-standard","hentry","category-noticias"],"acf":[],"_links":{"self":[{"href":"https:\/\/www.crea-mt.org.br\/portal\/wp-json\/wp\/v2\/posts\/6890","targetHints":{"allow":["GET"]}}],"collection":[{"href":"https:\/\/www.crea-mt.org.br\/portal\/wp-json\/wp\/v2\/posts"}],"about":[{"href":"https:\/\/www.crea-mt.org.br\/portal\/wp-json\/wp\/v2\/types\/post"}],"author":[{"embeddable":true,"href":"https:\/\/www.crea-mt.org.br\/portal\/wp-json\/wp\/v2\/users\/1"}],"replies":[{"embeddable":true,"href":"https:\/\/www.crea-mt.org.br\/portal\/wp-json\/wp\/v2\/comments?post=6890"}],"version-history":[{"count":0,"href":"https:\/\/www.crea-mt.org.br\/portal\/wp-json\/wp\/v2\/posts\/6890\/revisions"}],"wp:attachment":[{"href":"https:\/\/www.crea-mt.org.br\/portal\/wp-json\/wp\/v2\/media?parent=6890"}],"wp:term":[{"taxonomy":"category","embeddable":true,"href":"https:\/\/www.crea-mt.org.br\/portal\/wp-json\/wp\/v2\/categories?post=6890"},{"taxonomy":"post_tag","embeddable":true,"href":"https:\/\/www.crea-mt.org.br\/portal\/wp-json\/wp\/v2\/tags?post=6890"}],"curies":[{"name":"wp","href":"https:\/\/api.w.org\/{rel}","templated":true}]}}