{"id":6888,"date":"2007-03-29T00:00:00","date_gmt":"2007-03-29T03:00:00","guid":{"rendered":"https:\/\/crea-mt.org.br\/portal\/crea-junior-do-parana-discute-atribuicoes-profissionais\/"},"modified":"2007-03-29T00:00:00","modified_gmt":"2007-03-29T03:00:00","slug":"crea-junior-do-parana-discute-atribuicoes-profissionais","status":"publish","type":"post","link":"https:\/\/www.crea-mt.org.br\/portal\/crea-junior-do-parana-discute-atribuicoes-profissionais\/","title":{"rendered":"Crea J\u00fanior do Paran\u00e1 discute atribui\u00e7\u00f5es profissionais"},"content":{"rendered":"<p>&#8220;Atribui\u00e7\u00f5es profissionais&#8221; foi o tema debatido por estudantes dos ensinos m\u00e9dio e superior da \u00e1rea tecnol\u00f3gica. Em 20 de mar\u00e7o, eles lotaram o audit\u00f3rio da Pontif\u00edcia Universidade Cat\u00f3lica do Paran\u00e1 (PUC-PR), com capacidade para 250 pessoas, para participar do Semin\u00e1rio do Crea J\u00fanior do Paran\u00e1 (Creajr-PR). A aluna do quinto per\u00edodo de Engenharia Ambiental, Patricia Knopki, seinteressou pela palestra, pois pretende participar do CREAjr-PR.<\/p>\n<p>&#8220;Essaaproxima\u00e7\u00e3o \u00e9 importante para os estudantes. O Crea regulamenta as atribui\u00e7\u00f5es de cada profiss\u00e3o e acho interessante obter esse conhecimento&#8221;, afirmou a estudante. Orlando Strobel, decano do Centro de Ci\u00eancias Exatas e Tecnologia e ex-presidente do Crea-PR, destacou a iniciativa do Crea. &#8220;O Creajr-PR \u00e9 uma janela que se abre entre o sistema educacional e o sistema profissional&#8221;, ressaltou Strobel. Segundo ele, h\u00e1 um grande desconhecimento dos estudantes sobre as fun\u00e7\u00f5es do Crea e a sua import\u00e2ncia. &#8220;Esse tipo de atividade traz conhecimento aos jovens sobre os aspectos legais de sua profiss\u00e3o&#8221;, destacou.<\/p>\n<p>Deram seu depoimento o membro dirigente do Creajr-PR Raphael Farias; o engenheiro eletricista M\u00e1rio Guelbert Filho (gerente da Regional Curiitba do Crea-PR); o assessor jur\u00eddico do Crea-PR, Kristian Cobra; o vice-presidente do Crea-PR, eng. civil Gilberto Piva e o engenheiro civil e diretor-tesoureiro Joel Kruger.<\/p>\n<p>Fonte:Crea-PR<\/p>\n","protected":false},"excerpt":{"rendered":"<p>&#8220;Atribui\u00e7\u00f5es profissionais&#8221; foi o tema debatido por estudantes dos ensinos m\u00e9dio e superior da \u00e1rea tecnol\u00f3gica. Em 20 de mar\u00e7o, eles lotaram o audit\u00f3rio da Pontif\u00edcia Universidade Cat\u00f3lica do Paran\u00e1 (PUC-PR), com capacidade para 250 pessoas, para participar do Semin\u00e1rio do Crea J\u00fanior do Paran\u00e1 (Creajr-PR). A aluna do quinto per\u00edodo de Engenharia Ambiental, Patricia [&hellip;]<\/p>\n","protected":false},"author":1,"featured_media":0,"comment_status":"open","ping_status":"open","sticky":false,"template":"","format":"standard","meta":{"footnotes":""},"categories":[1],"tags":[],"class_list":["post-6888","post","type-post","status-publish","format-standard","hentry","category-noticias"],"acf":[],"_links":{"self":[{"href":"https:\/\/www.crea-mt.org.br\/portal\/wp-json\/wp\/v2\/posts\/6888","targetHints":{"allow":["GET"]}}],"collection":[{"href":"https:\/\/www.crea-mt.org.br\/portal\/wp-json\/wp\/v2\/posts"}],"about":[{"href":"https:\/\/www.crea-mt.org.br\/portal\/wp-json\/wp\/v2\/types\/post"}],"author":[{"embeddable":true,"href":"https:\/\/www.crea-mt.org.br\/portal\/wp-json\/wp\/v2\/users\/1"}],"replies":[{"embeddable":true,"href":"https:\/\/www.crea-mt.org.br\/portal\/wp-json\/wp\/v2\/comments?post=6888"}],"version-history":[{"count":0,"href":"https:\/\/www.crea-mt.org.br\/portal\/wp-json\/wp\/v2\/posts\/6888\/revisions"}],"wp:attachment":[{"href":"https:\/\/www.crea-mt.org.br\/portal\/wp-json\/wp\/v2\/media?parent=6888"}],"wp:term":[{"taxonomy":"category","embeddable":true,"href":"https:\/\/www.crea-mt.org.br\/portal\/wp-json\/wp\/v2\/categories?post=6888"},{"taxonomy":"post_tag","embeddable":true,"href":"https:\/\/www.crea-mt.org.br\/portal\/wp-json\/wp\/v2\/tags?post=6888"}],"curies":[{"name":"wp","href":"https:\/\/api.w.org\/{rel}","templated":true}]}}