{"id":6887,"date":"2007-03-29T00:00:00","date_gmt":"2007-03-29T03:00:00","guid":{"rendered":"https:\/\/crea-mt.org.br\/portal\/senador-arthur-virgilio-manifesta-apoio-na-tribuna\/"},"modified":"2007-03-29T00:00:00","modified_gmt":"2007-03-29T03:00:00","slug":"senador-arthur-virgilio-manifesta-apoio-na-tribuna","status":"publish","type":"post","link":"https:\/\/www.crea-mt.org.br\/portal\/senador-arthur-virgilio-manifesta-apoio-na-tribuna\/","title":{"rendered":"Senador Arthur Virg\u00edlio manifesta apoio na tribuna"},"content":{"rendered":"<p>Em pronunciamento na tribuna no dia 20 de mar\u00e7o, o senador Arthur Virg\u00edlio (PSDB-AM) ressaltou seu apoio \u00e0 Agenda Priorit\u00e1ria do Sistema Confea\/Crea para 2007. No dia 14 de mar\u00e7o, ele recebeu em seu gabinete lideran\u00e7as do Sistema Confea\/Crea e representantes do Conselho Regional de Seu Estado, o Amazonas. Entre eles, os engenheiros Afonso Lins J\u00fanior, Arthur Henrique de Mello Braga , Carlos Alonso Alencar Queiroz e o arquiteto Cl\u00e1udio Brand\u00e3o Nina.<\/p>\n<p>A iniciativa fez parte de um esfor\u00e7o que vem sendo realizado pelo Sistema Confea\/Crea para mostrar aos parlamentares a import\u00e2ncia social de projetos de lei de interesse da \u00e1rea tecnol\u00f3gica.<\/p>\n<p>&#8220;Dos projetos que comp\u00f5em a Agenda, destaco as propostas de institui\u00e7\u00e3o da representa\u00e7\u00e3o federativa no plen\u00e1rio do Conselho Federal; a tipifica\u00e7\u00e3o como crime o exerc\u00edcio ilegal da engenharia, da arquitetura e da agronomia; a que garante \u00e0 popula\u00e7\u00e3o de baixa renda a assist\u00eancia t\u00e9cnica gratuita para elabora\u00e7\u00e3o de projetos e constru\u00e7\u00e3o de moradia; e a proposta de altera\u00e7\u00e3o da Lei de Licita\u00e7\u00f5es&#8221;, ressaltou Virg\u00edlio em seu discurso na tribuna. &#8220;Os projetos est\u00e3o em tramita\u00e7\u00e3o. Fica aqui o registro do meu apoio&#8221;, concluiu o parlamentar.<\/p>\n<p>Fonte: Confea<\/p>\n","protected":false},"excerpt":{"rendered":"<p>Em pronunciamento na tribuna no dia 20 de mar\u00e7o, o senador Arthur Virg\u00edlio (PSDB-AM) ressaltou seu apoio \u00e0 Agenda Priorit\u00e1ria do Sistema Confea\/Crea para 2007. No dia 14 de mar\u00e7o, ele recebeu em seu gabinete lideran\u00e7as do Sistema Confea\/Crea e representantes do Conselho Regional de Seu Estado, o Amazonas. Entre eles, os engenheiros Afonso Lins [&hellip;]<\/p>\n","protected":false},"author":1,"featured_media":0,"comment_status":"open","ping_status":"open","sticky":false,"template":"","format":"standard","meta":{"footnotes":""},"categories":[1],"tags":[],"class_list":["post-6887","post","type-post","status-publish","format-standard","hentry","category-noticias"],"acf":[],"_links":{"self":[{"href":"https:\/\/www.crea-mt.org.br\/portal\/wp-json\/wp\/v2\/posts\/6887","targetHints":{"allow":["GET"]}}],"collection":[{"href":"https:\/\/www.crea-mt.org.br\/portal\/wp-json\/wp\/v2\/posts"}],"about":[{"href":"https:\/\/www.crea-mt.org.br\/portal\/wp-json\/wp\/v2\/types\/post"}],"author":[{"embeddable":true,"href":"https:\/\/www.crea-mt.org.br\/portal\/wp-json\/wp\/v2\/users\/1"}],"replies":[{"embeddable":true,"href":"https:\/\/www.crea-mt.org.br\/portal\/wp-json\/wp\/v2\/comments?post=6887"}],"version-history":[{"count":0,"href":"https:\/\/www.crea-mt.org.br\/portal\/wp-json\/wp\/v2\/posts\/6887\/revisions"}],"wp:attachment":[{"href":"https:\/\/www.crea-mt.org.br\/portal\/wp-json\/wp\/v2\/media?parent=6887"}],"wp:term":[{"taxonomy":"category","embeddable":true,"href":"https:\/\/www.crea-mt.org.br\/portal\/wp-json\/wp\/v2\/categories?post=6887"},{"taxonomy":"post_tag","embeddable":true,"href":"https:\/\/www.crea-mt.org.br\/portal\/wp-json\/wp\/v2\/tags?post=6887"}],"curies":[{"name":"wp","href":"https:\/\/api.w.org\/{rel}","templated":true}]}}