{"id":6886,"date":"2007-03-29T00:00:00","date_gmt":"2007-03-29T03:00:00","guid":{"rendered":"https:\/\/crea-mt.org.br\/portal\/conselho-supervisor-da-wec-reune-se-em-brasilia\/"},"modified":"2007-03-29T00:00:00","modified_gmt":"2007-03-29T03:00:00","slug":"conselho-supervisor-da-wec-reune-se-em-brasilia","status":"publish","type":"post","link":"https:\/\/www.crea-mt.org.br\/portal\/conselho-supervisor-da-wec-reune-se-em-brasilia\/","title":{"rendered":"Conselho Supervisor da WEC re\u00fane-se em Bras\u00edlia"},"content":{"rendered":"<p>O Conselho Supervisor do Congresso Mundial de Engenheiros (WEC, de World Engeneers&#8217; Convention), integrado por representantes de diversos pa\u00edses, reuniu-se nesta ter\u00e7a-feira, 27 de mar\u00e7o, em Bras\u00edlia, para avaliar o est\u00e1gio da organiza\u00e7\u00e3o do evento e tra\u00e7ar metas futuras que garantam o sucesso da WEC 2008. Essa ser\u00e1 a terceira edi\u00e7\u00e3o do evento, e ser\u00e1 realizada em Bras\u00edlia, no Brasil, de 2 a 6 de dezembro de 2008, no Centro de Conven\u00e7\u00f5es Ulysses Guimar\u00e3es.<\/p>\n<p>Na abertura da reuni\u00e3o, o presidente do Confea, eng. Marcos T\u00falio de Melo, ressaltou a import\u00e2ncia de firmar parceiras na organiza\u00e7\u00e3o desse mega-evento. Em sua fala, ele ressaltou parceiros j\u00e1 consolidados, como a Confedera\u00e7\u00e3o Nacional da Ind\u00fastria (CNI) e a Associa\u00e7\u00e3o Brasileira das Institui\u00e7\u00f5es de Pesquisa Tecnol\u00f3gica (Abipti), que contribuir\u00e3o para a realiza\u00e7\u00e3o de uma feira\/mostra tecnol\u00f3gica paralela \u00e0 realiza\u00e7\u00e3o do Congresso. &#8220;Al\u00e9m desses parceiros, estamos buscando \u00f3rg\u00e3os financiadores ligados \u00e0 ci\u00eancia e tecnologia&#8221;, ressaltou o presidente do Confea.<\/p>\n<p>T\u00falio destacou ainda diversos outros parceiros, como o pr\u00f3prio Governo Federal, o governo do Distrito Federal, o Conselho Nacional de Desenvolvimento Cient\u00edfico e tecnol\u00f3gico (CNPq); a Financiadora de Estudos e Projetos (Finep); a Coordena\u00e7\u00e3o de Aperfei\u00e7oamento de Profissional de N\u00edvel Superior (Capes), al\u00e9m das pr\u00f3prias lideran\u00e7as regionais do Sistema Confea\/Crea. &#8220;S\u00e3o todos importantes para o sucesso da WEC, seja na divulga\u00e7\u00e3o do evento, seja no apoio para trazermos conferencistas de todo o mundo, que garantam a profundidade do debate&#8221;, ressaltou Marcos T\u00falio.<\/p>\n<p>Embaixadas<br \/>\nOutro trabalho ressaltado na abertura da reuni\u00e3o foi o trabalho intensivo de relacionamento com embaixadas e consulados em Bras\u00edlia, feito em conjunto com o presidente da Febrae, Carlos Moura. Para ele, assim como para Marcos T\u00falio, o Confea e a Febrae est\u00e3o afinados nesse esfor\u00e7o de buscar a mais ampla divulga\u00e7\u00e3o internacional do evento, al\u00e9m do apoio \u00e0s delega\u00e7\u00f5es que vieram ao Brasil e da realiza\u00e7\u00e3o de eventos culturais, para integra\u00e7\u00e3o dos profissionais.<\/p>\n<p>A expectativa, conforme Marcos T\u00falio, \u00e9 que pelo menos 2 mil profissionais estrangeiros participem do Congresso Mundial do Brasil, em 2008. S\u00e3o esperados para o evento um total de 5 a 6 mil participantes, entre brasileiros e estrangeiros. Um amplo planejamento tem sido feito para atingir essa meta.<\/p>\n<p>Federa\u00e7\u00e3o Mundial<br \/>\nO presidente da Federa\u00e7\u00e3o Mundial de Organiza\u00e7\u00f5es de Engenheiros (WFEO\/FMOI), Kamel Ayadi, da Tun\u00edsia, tamb\u00e9m participou da mesa de abertura da reuni\u00e3o do Conselho Supervisor. Ele ressaltou que n\u00e3o h\u00e1 fronteiras entre o Confea, a Febrae e a FMOI. &#8220;Somos uma equipe trabalhando por um objetivo comum: o sucesso da WEC&#8221;, destacou Ayadi. Ele ressaltou o sucesso dos eventos anteriores, ocorridos em Hannover, na Alemanha (2000) e em Xangai, na China (2004) e disse estar certo de que o Brasil tem todo o potencial para mostrar ao mundo um evento t\u00e3o bem sucedido quanto os anteriores.<\/p>\n<p>Participaram da reuni\u00e3o, a representante do Col\u00e9gio de Entidades Nacionais, Ana Virg\u00ednia Machado; o presidente da UPADI, Cl\u00e1udio Amaury Dall&#8217;Acqua; o diretor da Febrae Ivo Mendes; os vice-presidentes da Febrae, Jorge Spitalnik, Newton Quites e Jos\u00e9 Tadeu; o representante do Governo Federal, Jos\u00e9 Rinc\u00f3n, do Minist\u00e9rio do Desenvolvimento, Com\u00e9rcio e Ind\u00fastria; o 1\u00ba vice-presidente da Uni\u00e3o Nacional de Arquitetos e Engenheiros da Constru\u00e7\u00e3o de Cuba (UNAICC), Jos\u00e9 Guardado Chac\u00f3n; Ant\u00f4nio Ferras, membro da UNAICC; diretor-presidente da ANB, Caio Andrade; o consultor internacional da WEC, Peter Herrmann; os consultores da WEC 2008, Cl\u00e1udio Heckman e Ana Maria Marcondes; o gerente do Senai, S\u00e9rgio Luiz Mota; o coordenador da Abipti, Zuhair Warwar; o respons\u00e1vel pelo f\u00f3rum de estudantes e jovens engenheiros, Marcel Ribeiro Teixeira; os coordenadores do Comit\u00ea de Programa Luiz Carlos Scavarda e Jorge Dalledone; a presidente do Crea-DF e respons\u00e1vel pelo F\u00f3rum da mulher, Lia S\u00e1; os conselheiros federais Paulo Bubach, Valmir Antunes e Jaques Sherique; o presidente do Crea-RJ, Reynaldo Barros, o vice-presidente do comit\u00ea de Comunica\u00e7\u00e3o da FMOI, Tejani Bem Jemaa; o presidente eleito da FMOI, Barry Grean e o presidente da IAB, Jos\u00e9 Medem.<\/p>\n<p>Fonte:Confea<\/p>\n","protected":false},"excerpt":{"rendered":"<p>O Conselho Supervisor do Congresso Mundial de Engenheiros (WEC, de World Engeneers&#8217; Convention), integrado por representantes de diversos pa\u00edses, reuniu-se nesta ter\u00e7a-feira, 27 de mar\u00e7o, em Bras\u00edlia, para avaliar o est\u00e1gio da organiza\u00e7\u00e3o do evento e tra\u00e7ar metas futuras que garantam o sucesso da WEC 2008. Essa ser\u00e1 a terceira edi\u00e7\u00e3o do evento, e ser\u00e1 [&hellip;]<\/p>\n","protected":false},"author":1,"featured_media":0,"comment_status":"open","ping_status":"open","sticky":false,"template":"","format":"standard","meta":{"footnotes":""},"categories":[1],"tags":[],"class_list":["post-6886","post","type-post","status-publish","format-standard","hentry","category-noticias"],"acf":[],"_links":{"self":[{"href":"https:\/\/www.crea-mt.org.br\/portal\/wp-json\/wp\/v2\/posts\/6886","targetHints":{"allow":["GET"]}}],"collection":[{"href":"https:\/\/www.crea-mt.org.br\/portal\/wp-json\/wp\/v2\/posts"}],"about":[{"href":"https:\/\/www.crea-mt.org.br\/portal\/wp-json\/wp\/v2\/types\/post"}],"author":[{"embeddable":true,"href":"https:\/\/www.crea-mt.org.br\/portal\/wp-json\/wp\/v2\/users\/1"}],"replies":[{"embeddable":true,"href":"https:\/\/www.crea-mt.org.br\/portal\/wp-json\/wp\/v2\/comments?post=6886"}],"version-history":[{"count":0,"href":"https:\/\/www.crea-mt.org.br\/portal\/wp-json\/wp\/v2\/posts\/6886\/revisions"}],"wp:attachment":[{"href":"https:\/\/www.crea-mt.org.br\/portal\/wp-json\/wp\/v2\/media?parent=6886"}],"wp:term":[{"taxonomy":"category","embeddable":true,"href":"https:\/\/www.crea-mt.org.br\/portal\/wp-json\/wp\/v2\/categories?post=6886"},{"taxonomy":"post_tag","embeddable":true,"href":"https:\/\/www.crea-mt.org.br\/portal\/wp-json\/wp\/v2\/tags?post=6886"}],"curies":[{"name":"wp","href":"https:\/\/api.w.org\/{rel}","templated":true}]}}