{"id":6881,"date":"2007-03-30T00:00:00","date_gmt":"2007-03-30T03:00:00","guid":{"rendered":"https:\/\/crea-mt.org.br\/portal\/goldemberg-defende-forte-papel-da-amazonia-na-mitigacao-das-mudancas-climaticas\/"},"modified":"2007-03-30T00:00:00","modified_gmt":"2007-03-30T03:00:00","slug":"goldemberg-defende-forte-papel-da-amazonia-na-mitigacao-das-mudancas-climaticas","status":"publish","type":"post","link":"https:\/\/www.crea-mt.org.br\/portal\/goldemberg-defende-forte-papel-da-amazonia-na-mitigacao-das-mudancas-climaticas\/","title":{"rendered":"Goldemberg defende forte papel da Amaz\u00f4nia na mitiga\u00e7\u00e3o das mudan\u00e7as clim\u00e1ticas"},"content":{"rendered":"<p>Fonte: Amazonia.org.br <\/p>\n<p>A \u00fanica maneira real e concreta de diminuir o desmatamento na Amaz\u00f4nia \u00e9 aumentar a presen\u00e7a do poder p\u00fablico na regi\u00e3o. Leis, licen\u00e7as, multas, registros e tudo mais n\u00e3o ter\u00e3o nenhum \u00eaxito sem a presen\u00e7a maci\u00e7a do poder p\u00fablico fiscalizando a floresta. Esse foi o foco da argumenta\u00e7\u00e3o do f\u00edsico e ex-secret\u00e1rio de Estado do Meio Ambiente de S\u00e3o Paulo, Jos\u00e9 Goldemberg, durante debate com a imprensa e ONGs sobre a crise clim\u00e1tica na \u00faltima quarta-feira.<\/p>\n<p>O pesquisador citou a experi\u00eancia bem sucedida, em sua opini\u00e3o, de conten\u00e7\u00e3o do desmatamento da Mata Atl\u00e2ntica, em S\u00e3o Paulo, com o aumento do efetivo da pol\u00edcia ambiental para mais de duas mil pessoas para sustentar seu ponto de vista. <\/p>\n<p>Segundo seu racioc\u00ednio, levando-se em considera\u00e7\u00e3o a dimens\u00e3o da Amaz\u00f4nia, de cerca de 15 vezes a \u00e1rea de S\u00e3o Paulo, seriam necess\u00e1rias aproximadamente 30 mil pessoas nesse trabalho.<\/p>\n<p>Goldemberg mencionou a grande responsabilidade brasileira em rela\u00e7\u00e3o \u00e0s mudan\u00e7as clim\u00e1ticas tendo em vista a emiss\u00e3o de aproximadamente 4% do total de gases estufa do planeta, dos quais ter\u00e7o disso \u00e9 resultante direto do desmatamento da Amaz\u00f4nia.<\/p>\n<p>Ele tamb\u00e9m defendeu a id\u00e9ia pol\u00eamica de que em um cen\u00e1rio p\u00f3s-2012, quando se encerrariam os compromissos assumidos pelos pa\u00edses que ratificaram o acordo de Kyoto de reduzir a emiss\u00e3o desses gases, um novo acordo internacional deve ter como base que cada pa\u00eds assuma a responsabilidade sobre sua emiss\u00e3o hist\u00f3rica no estabelecimento de metas, independente de sua situa\u00e7\u00e3o atual de desenvolvimento.<\/p>\n<p>Al\u00e9m disso, citou os &#8220;cr\u00e9ditos de carbono&#8221; como poss\u00edvel solu\u00e7\u00e3o financeira, tanto para conter o desmatamento, com o pagamento desses cr\u00e9ditos pela emiss\u00e3o de gases estufa, quanto para o benef\u00edcio do desmatamento evitado na regi\u00e3o.<\/p>\n","protected":false},"excerpt":{"rendered":"<p>Fonte: Amazonia.org.br A \u00fanica maneira real e concreta de diminuir o desmatamento na Amaz\u00f4nia \u00e9 aumentar a presen\u00e7a do poder p\u00fablico na regi\u00e3o. Leis, licen\u00e7as, multas, registros e tudo mais n\u00e3o ter\u00e3o nenhum \u00eaxito sem a presen\u00e7a maci\u00e7a do poder p\u00fablico fiscalizando a floresta. Esse foi o foco da argumenta\u00e7\u00e3o do f\u00edsico e ex-secret\u00e1rio de [&hellip;]<\/p>\n","protected":false},"author":1,"featured_media":0,"comment_status":"open","ping_status":"open","sticky":false,"template":"","format":"standard","meta":{"footnotes":""},"categories":[1],"tags":[],"class_list":["post-6881","post","type-post","status-publish","format-standard","hentry","category-noticias"],"acf":[],"_links":{"self":[{"href":"https:\/\/www.crea-mt.org.br\/portal\/wp-json\/wp\/v2\/posts\/6881","targetHints":{"allow":["GET"]}}],"collection":[{"href":"https:\/\/www.crea-mt.org.br\/portal\/wp-json\/wp\/v2\/posts"}],"about":[{"href":"https:\/\/www.crea-mt.org.br\/portal\/wp-json\/wp\/v2\/types\/post"}],"author":[{"embeddable":true,"href":"https:\/\/www.crea-mt.org.br\/portal\/wp-json\/wp\/v2\/users\/1"}],"replies":[{"embeddable":true,"href":"https:\/\/www.crea-mt.org.br\/portal\/wp-json\/wp\/v2\/comments?post=6881"}],"version-history":[{"count":0,"href":"https:\/\/www.crea-mt.org.br\/portal\/wp-json\/wp\/v2\/posts\/6881\/revisions"}],"wp:attachment":[{"href":"https:\/\/www.crea-mt.org.br\/portal\/wp-json\/wp\/v2\/media?parent=6881"}],"wp:term":[{"taxonomy":"category","embeddable":true,"href":"https:\/\/www.crea-mt.org.br\/portal\/wp-json\/wp\/v2\/categories?post=6881"},{"taxonomy":"post_tag","embeddable":true,"href":"https:\/\/www.crea-mt.org.br\/portal\/wp-json\/wp\/v2\/tags?post=6881"}],"curies":[{"name":"wp","href":"https:\/\/api.w.org\/{rel}","templated":true}]}}