{"id":6878,"date":"2007-03-30T00:00:00","date_gmt":"2007-03-30T03:00:00","guid":{"rendered":"https:\/\/crea-mt.org.br\/portal\/fethab-bassan-integra-conselho-diretor-do-fundo-estadual-de-transportes-e-habitacao\/"},"modified":"2007-03-30T00:00:00","modified_gmt":"2007-03-30T03:00:00","slug":"fethab-bassan-integra-conselho-diretor-do-fundo-estadual-de-transportes-e-habitacao","status":"publish","type":"post","link":"https:\/\/www.crea-mt.org.br\/portal\/fethab-bassan-integra-conselho-diretor-do-fundo-estadual-de-transportes-e-habitacao\/","title":{"rendered":"FETHAB &#8211; Bassan integra Conselho Diretor do Fundo Estadual de Transportes e Habita\u00e7\u00e3o"},"content":{"rendered":"<p>Cabe ao Conselho dar aval sobre as a\u00e7\u00f5es governamentais<\/p>\n<p>O Conselho Regional de Engenharia, Arquitetura e Agronomia do Estado (Crea-MT) j\u00e1 tem garantido seu representante junto ao Conselho Diretor do Fundo Estadual de Transportes e Habita\u00e7\u00e3o (Fethab). O presidente do Crea-MT, Tarciso Bassan, foi nomeado pelo Governo do Estado, juntamente com outros sete membros formados por secret\u00e1rios de diversas pastas, representantes de sindicatos e entidades de classe. <\/p>\n<p>A lei 7.263 que cria o Fethab data de 27 de mar\u00e7o de 2000 e tem como objetivo financiar o planejamento, execu\u00e7\u00e3o, acompanhamento, bem como a avalia\u00e7\u00e3o dos servi\u00e7os nos setores de transporte e habita\u00e7\u00e3o em todo o Estado. Os recursos s\u00e3o geridos pelo Conselho do Fethab. <\/p>\n<p>As mudan\u00e7as nas diretorias de entidades e tamb\u00e9m de alguns secret\u00e1rios de estado motivaram o governo a recompor o quadro do Conselho do Fethab que se transformou na principal fonte de recursos do Estado para investimentos em obras, como constru\u00e7\u00e3o de casas populares e estradas. Na gest\u00e3o Maggi, o Fundo passou a ampliar a tributa\u00e7\u00e3o. Atualmente, cobra imposto sobre frete de soja, algod\u00e3o, \u00f3leo diesel, madeira, g\u00e1s natural e gado em p\u00e9. No ano passado, arrecadou R$ 274,9 milh\u00f5es.<\/p>\n<p>Tamb\u00e9m passam a compor o Conselho, o secret\u00e1rio Neldo Egon Weirich, da secretaria de Desenvolvimento Rural; Jo\u00e3o Malheiros da Casa Civil; Mauro Mendes, presidente da Federa\u00e7\u00e3o das Ind\u00fastrias (Fiemt); Rui Carlos Ottoni da Federa\u00e7\u00e3o da Agricultura (Famato); S\u00e9rgio de Marco e Gilson Pinesso da Associa\u00e7\u00e3o Mato-Grossense dos Produtores de Algod\u00e3o e, Carlos Alberto da Silva Corso, da Federa\u00e7\u00e3o das Empresas de Transportes Rodovi\u00e1rios de Passageiros.<\/p>\n<p>*Rafaela Maximiano<br \/>\nAssessoria\/Crea-MT<\/p>\n","protected":false},"excerpt":{"rendered":"<p>Cabe ao Conselho dar aval sobre as a\u00e7\u00f5es governamentais O Conselho Regional de Engenharia, Arquitetura e Agronomia do Estado (Crea-MT) j\u00e1 tem garantido seu representante junto ao Conselho Diretor do Fundo Estadual de Transportes e Habita\u00e7\u00e3o (Fethab). O presidente do Crea-MT, Tarciso Bassan, foi nomeado pelo Governo do Estado, juntamente com outros sete membros formados [&hellip;]<\/p>\n","protected":false},"author":1,"featured_media":0,"comment_status":"open","ping_status":"open","sticky":false,"template":"","format":"standard","meta":{"footnotes":""},"categories":[1],"tags":[],"class_list":["post-6878","post","type-post","status-publish","format-standard","hentry","category-noticias"],"acf":[],"_links":{"self":[{"href":"https:\/\/www.crea-mt.org.br\/portal\/wp-json\/wp\/v2\/posts\/6878","targetHints":{"allow":["GET"]}}],"collection":[{"href":"https:\/\/www.crea-mt.org.br\/portal\/wp-json\/wp\/v2\/posts"}],"about":[{"href":"https:\/\/www.crea-mt.org.br\/portal\/wp-json\/wp\/v2\/types\/post"}],"author":[{"embeddable":true,"href":"https:\/\/www.crea-mt.org.br\/portal\/wp-json\/wp\/v2\/users\/1"}],"replies":[{"embeddable":true,"href":"https:\/\/www.crea-mt.org.br\/portal\/wp-json\/wp\/v2\/comments?post=6878"}],"version-history":[{"count":0,"href":"https:\/\/www.crea-mt.org.br\/portal\/wp-json\/wp\/v2\/posts\/6878\/revisions"}],"wp:attachment":[{"href":"https:\/\/www.crea-mt.org.br\/portal\/wp-json\/wp\/v2\/media?parent=6878"}],"wp:term":[{"taxonomy":"category","embeddable":true,"href":"https:\/\/www.crea-mt.org.br\/portal\/wp-json\/wp\/v2\/categories?post=6878"},{"taxonomy":"post_tag","embeddable":true,"href":"https:\/\/www.crea-mt.org.br\/portal\/wp-json\/wp\/v2\/tags?post=6878"}],"curies":[{"name":"wp","href":"https:\/\/api.w.org\/{rel}","templated":true}]}}