{"id":6876,"date":"2007-04-02T00:00:00","date_gmt":"2007-04-02T03:00:00","guid":{"rendered":"https:\/\/crea-mt.org.br\/portal\/crea-am-realiza-palestras-e-oferece-servicos-na-contrunorte-2007-2\/"},"modified":"2007-04-02T00:00:00","modified_gmt":"2007-04-02T03:00:00","slug":"crea-am-realiza-palestras-e-oferece-servicos-na-contrunorte-2007-2","status":"publish","type":"post","link":"https:\/\/www.crea-mt.org.br\/portal\/crea-am-realiza-palestras-e-oferece-servicos-na-contrunorte-2007-2\/","title":{"rendered":"Crea-AM realiza palestras e oferece servi\u00e7os na Contrunorte 2007"},"content":{"rendered":"<p>\n&#8220;O que \u00e9 o tal do Marketing?&#8221; O questionamento em tom descontra\u00eddo deu in\u00edcio \u00e0 palestra do eng. eletricista e escritor \u00canio Padilha, que abordou a tem\u00e1tica &#8220;Marketing para Engenharia, Arquitetura e Agronomia&#8221;, na 5\u00aa Edi\u00e7\u00e3o do Ciclo de Palestras Construnorte T\u00e9cnica, realizado pelo Crea-AM.<\/p>\n<p>O foco principal, explica \u00canio, \u00e9 n\u00e3o confundir marketing com propaganda, publicidade, jeitinho ou truque. &#8220;Marketing \u00e9 uma estrat\u00e9gia que requer planejamento e trabalho. Uma estrat\u00e9gia de conquista de mercado&#8221;, afirmou.<\/p>\n<p>Quando o mercado \u00e9 estudado, o empreendedor age da maneira correta conforme a sua expectativa. Isso significa que o marketing aplicado de forma adequada ajuda na obten\u00e7\u00e3o do resultado esperado.<\/p>\n<p>Exemplo disso \u00e9 a imagem que as pessoas &#8220;vendem&#8221; de si, e o que elas s\u00e3o na realidade, analisa. &#8220;N\u00e3o adianta eu dizer que sou o m\u00e1ximo, que sou deus, e durante a palestra ficar gaguejando durante uma hora&#8221;, esclareceu. &#8220;O meu p\u00fablico&#8221;, comentou o palestrante, &#8220;\u00e9 formado por engenheiros e arquitetos que desejam conhecimento pr\u00e1tico de marketing direcionado para a \u00e1rea t\u00e9cnica&#8221;.<\/p>\n<p>Outro assunto apresentado na noite do dia 29, teve como palestrante a arquiteta Marta Kimura, que palestrou sobre Forros Modulares de Fibra Mineral. De acordo com ela, os benef\u00edcios em utilizar esse tipo de forro est\u00e3o na neutraliza\u00e7\u00e3o de odores. &#8220;A fibra impede o aparecimento de fungos e bact\u00e9rias e n\u00e3o emite fuma\u00e7a t\u00f3xica&#8221;, comentou.<\/p>\n<p>A Construnorte T\u00e9cnica foi realizada dias 29 e 30 de mar\u00e7o no sal\u00e3o Nobre do Studio 5 Centro de Conven\u00e7\u00f5es, em Manaus (AM).<\/p>\n<p>Visitantes aprendem como adaptar tecnologia<br \/>\nEstande<br \/>\nOs profissionais que visitaram a feira de exposi\u00e7\u00f5es da Construnorte, dia 29, na abertura do evento, n\u00e3o deixaram de ir ao estande do Crea-AM. Em 40 metros, o Conselho recebeu apoio da M\u00fatua e do Confea, al\u00e9m de empresas como Vivo, Mavel Ve\u00edculos e Control &#8211; Sistemas inteligentes, em que visitantes receberam informa\u00e7\u00f5es sobre como adaptar tecnologia do futuro a sua casa. Houve ainda massagem oferecida pelo Centro Terap\u00eautico Qualidade de Vida.<\/p>\n<p>No Crea m\u00f3vel, ao lado do estande, est\u00e1 sendo disponibilizado registro para os profissionais e recadastramento. A feira est\u00e1 em funcionamento at\u00e9 o domingo, dia 1\u00ba de abril.<\/p>\n<p>Fonte:Crea-AM <\/p>\n","protected":false},"excerpt":{"rendered":"<p>&#8220;O que \u00e9 o tal do Marketing?&#8221; O questionamento em tom descontra\u00eddo deu in\u00edcio \u00e0 palestra do eng. eletricista e escritor \u00canio Padilha, que abordou a tem\u00e1tica &#8220;Marketing para Engenharia, Arquitetura e Agronomia&#8221;, na 5\u00aa Edi\u00e7\u00e3o do Ciclo de Palestras Construnorte T\u00e9cnica, realizado pelo Crea-AM. O foco principal, explica \u00canio, \u00e9 n\u00e3o confundir marketing com [&hellip;]<\/p>\n","protected":false},"author":1,"featured_media":0,"comment_status":"open","ping_status":"open","sticky":false,"template":"","format":"standard","meta":{"footnotes":""},"categories":[1],"tags":[],"class_list":["post-6876","post","type-post","status-publish","format-standard","hentry","category-noticias"],"acf":[],"_links":{"self":[{"href":"https:\/\/www.crea-mt.org.br\/portal\/wp-json\/wp\/v2\/posts\/6876","targetHints":{"allow":["GET"]}}],"collection":[{"href":"https:\/\/www.crea-mt.org.br\/portal\/wp-json\/wp\/v2\/posts"}],"about":[{"href":"https:\/\/www.crea-mt.org.br\/portal\/wp-json\/wp\/v2\/types\/post"}],"author":[{"embeddable":true,"href":"https:\/\/www.crea-mt.org.br\/portal\/wp-json\/wp\/v2\/users\/1"}],"replies":[{"embeddable":true,"href":"https:\/\/www.crea-mt.org.br\/portal\/wp-json\/wp\/v2\/comments?post=6876"}],"version-history":[{"count":0,"href":"https:\/\/www.crea-mt.org.br\/portal\/wp-json\/wp\/v2\/posts\/6876\/revisions"}],"wp:attachment":[{"href":"https:\/\/www.crea-mt.org.br\/portal\/wp-json\/wp\/v2\/media?parent=6876"}],"wp:term":[{"taxonomy":"category","embeddable":true,"href":"https:\/\/www.crea-mt.org.br\/portal\/wp-json\/wp\/v2\/categories?post=6876"},{"taxonomy":"post_tag","embeddable":true,"href":"https:\/\/www.crea-mt.org.br\/portal\/wp-json\/wp\/v2\/tags?post=6876"}],"curies":[{"name":"wp","href":"https:\/\/api.w.org\/{rel}","templated":true}]}}