{"id":6874,"date":"2007-04-02T00:00:00","date_gmt":"2007-04-02T03:00:00","guid":{"rendered":"https:\/\/crea-mt.org.br\/portal\/basa-divulga-edital-de-concurso\/"},"modified":"2007-04-02T00:00:00","modified_gmt":"2007-04-02T03:00:00","slug":"basa-divulga-edital-de-concurso","status":"publish","type":"post","link":"https:\/\/www.crea-mt.org.br\/portal\/basa-divulga-edital-de-concurso\/","title":{"rendered":"Basa divulga edital de concurso"},"content":{"rendered":"<p>O Banco da Amaz\u00f4nia (Basa) divulgou anteontem o edital para o concurso p\u00fablico destinado \u00e0 forma\u00e7\u00e3o de cadastro de reserva nos cargos de t\u00e9cnico banc\u00e1rio (TB), n\u00edvel m\u00e9dio, e t\u00e9cnico cient\u00edfico (TC), n\u00edvel superior, para as seguintes \u00e1reas: Direito, Contabilidade, Economia, Engenharia Agron\u00f4mica, Engenharia Civil, Engenharia Florestal, Engenharia de Pesca, Engenharia do Meio Ambiente, Engenharia Metal\u00fargica, Engenharia Naval, Estat\u00edstica, Medicina do Trabalho, Medicina Veterin\u00e1ria, Tecnologia da Informa\u00e7\u00e3o e Zootecnia. <\/p>\n<p>As provas objetivas para o cargo t\u00e9cnico cient\u00edfico ser\u00e3o realizadas nas seguintes cidades: Bel\u00e9m (PA), Boa Vista (RR), Bras\u00edlia (DF), Cuiab\u00e1 (MT), Manaus (AM), Palmas (TO), Porto Velho (RO), Rio Branco (AC), Santar\u00e9m (PA) e S\u00e3o Lu\u00eds (MA). As provas objetivas para o cargo de t\u00e9cnico banc\u00e1rio ser\u00e3o aplicadas nas cidades de Bel\u00e9m, Boa Vista, Cuiab\u00e1, Manaus, Palmas, Porto Velho, Rio Branco, Santar\u00e9m e S\u00e3o Lu\u00eds. <\/p>\n<p>A remunera\u00e7\u00e3o inicial ser\u00e1 de R$ 1.245,97 (vencimento b\u00e1sico + gratifica\u00e7\u00e3o especial mensal) para TC e R$ 869,32 (vencimento b\u00e1sico + gratifica\u00e7\u00e3o especial mensal) para TB. <\/p>\n<p>As inscri\u00e7\u00f5es ser\u00e3o feitas exclusivamente via internet no per\u00edodo de 9 a 22 de abril. O valor da inscri\u00e7\u00e3o \u00e9 R$ 34,00 para o cargo de TB e R$ 45,00 para o cargo de TC. Para conferir o edital na \u00edntegra os interessados podem acessar o endere\u00e7o eletr\u00f4nico: www.cespe.unb.br\/concursos\/bancoamazonia2007. <\/p>\n<p>Fonte: Jornal Folha de Boa Vista<\/p>\n","protected":false},"excerpt":{"rendered":"<p>O Banco da Amaz\u00f4nia (Basa) divulgou anteontem o edital para o concurso p\u00fablico destinado \u00e0 forma\u00e7\u00e3o de cadastro de reserva nos cargos de t\u00e9cnico banc\u00e1rio (TB), n\u00edvel m\u00e9dio, e t\u00e9cnico cient\u00edfico (TC), n\u00edvel superior, para as seguintes \u00e1reas: Direito, Contabilidade, Economia, Engenharia Agron\u00f4mica, Engenharia Civil, Engenharia Florestal, Engenharia de Pesca, Engenharia do Meio Ambiente, Engenharia [&hellip;]<\/p>\n","protected":false},"author":1,"featured_media":0,"comment_status":"open","ping_status":"open","sticky":false,"template":"","format":"standard","meta":{"footnotes":""},"categories":[1],"tags":[],"class_list":["post-6874","post","type-post","status-publish","format-standard","hentry","category-noticias"],"acf":[],"_links":{"self":[{"href":"https:\/\/www.crea-mt.org.br\/portal\/wp-json\/wp\/v2\/posts\/6874","targetHints":{"allow":["GET"]}}],"collection":[{"href":"https:\/\/www.crea-mt.org.br\/portal\/wp-json\/wp\/v2\/posts"}],"about":[{"href":"https:\/\/www.crea-mt.org.br\/portal\/wp-json\/wp\/v2\/types\/post"}],"author":[{"embeddable":true,"href":"https:\/\/www.crea-mt.org.br\/portal\/wp-json\/wp\/v2\/users\/1"}],"replies":[{"embeddable":true,"href":"https:\/\/www.crea-mt.org.br\/portal\/wp-json\/wp\/v2\/comments?post=6874"}],"version-history":[{"count":0,"href":"https:\/\/www.crea-mt.org.br\/portal\/wp-json\/wp\/v2\/posts\/6874\/revisions"}],"wp:attachment":[{"href":"https:\/\/www.crea-mt.org.br\/portal\/wp-json\/wp\/v2\/media?parent=6874"}],"wp:term":[{"taxonomy":"category","embeddable":true,"href":"https:\/\/www.crea-mt.org.br\/portal\/wp-json\/wp\/v2\/categories?post=6874"},{"taxonomy":"post_tag","embeddable":true,"href":"https:\/\/www.crea-mt.org.br\/portal\/wp-json\/wp\/v2\/tags?post=6874"}],"curies":[{"name":"wp","href":"https:\/\/api.w.org\/{rel}","templated":true}]}}