{"id":6871,"date":"2007-04-02T00:00:00","date_gmt":"2007-04-02T03:00:00","guid":{"rendered":"https:\/\/crea-mt.org.br\/portal\/saldo-da-balanca-fica-positivo-em-us-3232-bi-em-marco\/"},"modified":"2007-04-02T00:00:00","modified_gmt":"2007-04-02T03:00:00","slug":"saldo-da-balanca-fica-positivo-em-us-3232-bi-em-marco","status":"publish","type":"post","link":"https:\/\/www.crea-mt.org.br\/portal\/saldo-da-balanca-fica-positivo-em-us-3232-bi-em-marco\/","title":{"rendered":"Saldo da balan\u00e7a fica positivo em US$ 3,232 bi em mar\u00e7o"},"content":{"rendered":"<p>Fonte: FolhaNews<\/p>\n<p>A balan\u00e7a comercial brasileira registrou um super\u00e1vit de US$ 3,323 bilh\u00f5es em mar\u00e7o, uma alta de 8,5% na compara\u00e7\u00e3o com o mesmo m\u00eas do ano passado (US$ 3,634 bilh\u00f5es). Os dados foram divulgados nesta segunda-feira pelo Minist\u00e9rio do Desenvolvimento. <\/p>\n<p>J\u00e1 no acumulado do ano o resultado do super\u00e1vit comercial (saldo positivo entre exporta\u00e7\u00f5es e importa\u00e7\u00f5es) apresenta uma redu\u00e7\u00e3o quando comparado com o mesmo per\u00edodo do ano passado. At\u00e9 mar\u00e7o, o saldo est\u00e1 em US$ 8,698 bilh\u00f5es, uma queda de 6% na compara\u00e7\u00e3o com os primeiros tr\u00eas meses de 2006. <\/p>\n<p>O motivo para esse comportamento \u00e9 que desde o ano passado as importa\u00e7\u00f5es t\u00eam crescido a um ritmo superior ao das exporta\u00e7\u00f5es. Por essa raz\u00e3o, analistas do mercado e o pr\u00f3prio governo esperam que o super\u00e1vit comercial seja menor neste ano em rela\u00e7\u00e3o ao do ano passado. <\/p>\n<p>As exporta\u00e7\u00f5es somam neste ano US$ 33,919 bilh\u00f5es e as importa\u00e7\u00f5es, US$ 25,221 bilh\u00f5es, crescimentos de 15,4% e 25,3%, respectivamente. <\/p>\n<p>A meta do minist\u00e9rio para este ano \u00e9 exportar US$ 152 bilh\u00f5es. J\u00e1 os analistas do mercado financeiro esperam que o saldo fique positivo em US$ 39,45 bilh\u00f5es. <\/p>\n<p>Em 2006, a balan\u00e7a comercial registrou recorde hist\u00f3rico de super\u00e1vit comercial, US$ 46,077 bilh\u00f5es. Mar\u00e7o. <\/p>\n<p>As exporta\u00e7\u00f5es no m\u00eas passado totalizaram US$ 12,855 bilh\u00f5es, com m\u00e9dia di\u00e1ria (total negociado por dia \u00fatil) de US$ 584,3 milh\u00f5es, um crescimento de 18,2% sobre mar\u00e7o do ano passado. J\u00e1 as importa\u00e7\u00f5es totalizaram US$ 9,532 bilh\u00f5es, com m\u00e9dia de US$ 433,3 milh\u00f5es, aumento de 28,9%. <\/p>\n<p>O resultado da \u00faltima semana do m\u00eas (dias 26 a 31) contribuiu para o super\u00e1vit de mar\u00e7o. O saldo comercial foi positivo em US$ 970 milh\u00f5es. <\/p>\n<p>Em fevereiro, a balan\u00e7a ficou positiva em US$ 2,878 bilh\u00f5es e em janeiro, em US$ 2,491 bilh\u00f5es. <\/p>\n","protected":false},"excerpt":{"rendered":"<p>Fonte: FolhaNews A balan\u00e7a comercial brasileira registrou um super\u00e1vit de US$ 3,323 bilh\u00f5es em mar\u00e7o, uma alta de 8,5% na compara\u00e7\u00e3o com o mesmo m\u00eas do ano passado (US$ 3,634 bilh\u00f5es). Os dados foram divulgados nesta segunda-feira pelo Minist\u00e9rio do Desenvolvimento. J\u00e1 no acumulado do ano o resultado do super\u00e1vit comercial (saldo positivo entre exporta\u00e7\u00f5es [&hellip;]<\/p>\n","protected":false},"author":1,"featured_media":0,"comment_status":"open","ping_status":"open","sticky":false,"template":"","format":"standard","meta":{"footnotes":""},"categories":[1],"tags":[],"class_list":["post-6871","post","type-post","status-publish","format-standard","hentry","category-noticias"],"acf":[],"_links":{"self":[{"href":"https:\/\/www.crea-mt.org.br\/portal\/wp-json\/wp\/v2\/posts\/6871","targetHints":{"allow":["GET"]}}],"collection":[{"href":"https:\/\/www.crea-mt.org.br\/portal\/wp-json\/wp\/v2\/posts"}],"about":[{"href":"https:\/\/www.crea-mt.org.br\/portal\/wp-json\/wp\/v2\/types\/post"}],"author":[{"embeddable":true,"href":"https:\/\/www.crea-mt.org.br\/portal\/wp-json\/wp\/v2\/users\/1"}],"replies":[{"embeddable":true,"href":"https:\/\/www.crea-mt.org.br\/portal\/wp-json\/wp\/v2\/comments?post=6871"}],"version-history":[{"count":0,"href":"https:\/\/www.crea-mt.org.br\/portal\/wp-json\/wp\/v2\/posts\/6871\/revisions"}],"wp:attachment":[{"href":"https:\/\/www.crea-mt.org.br\/portal\/wp-json\/wp\/v2\/media?parent=6871"}],"wp:term":[{"taxonomy":"category","embeddable":true,"href":"https:\/\/www.crea-mt.org.br\/portal\/wp-json\/wp\/v2\/categories?post=6871"},{"taxonomy":"post_tag","embeddable":true,"href":"https:\/\/www.crea-mt.org.br\/portal\/wp-json\/wp\/v2\/tags?post=6871"}],"curies":[{"name":"wp","href":"https:\/\/api.w.org\/{rel}","templated":true}]}}