{"id":6870,"date":"2007-04-02T00:00:00","date_gmt":"2007-04-02T03:00:00","guid":{"rendered":"https:\/\/crea-mt.org.br\/portal\/mercado-ve-crescimento-um-pouco-maior-neste-ano\/"},"modified":"2007-04-02T00:00:00","modified_gmt":"2007-04-02T03:00:00","slug":"mercado-ve-crescimento-um-pouco-maior-neste-ano","status":"publish","type":"post","link":"https:\/\/www.crea-mt.org.br\/portal\/mercado-ve-crescimento-um-pouco-maior-neste-ano\/","title":{"rendered":"Mercado v\u00ea crescimento um pouco maior neste ano"},"content":{"rendered":"<p> Fonte:FolhaNews<\/p>\n<p>A revis\u00e3o nas contas nacionais e a melhora da previs\u00e3o do Banco Central para o crescimento da economia n\u00e3o foram suficientes para o mercado financeiro ficar mais otimista em rela\u00e7\u00e3o \u00e0 expans\u00e3o do PIB (Produto Interno Bruto). Para este ano, a expectativa dos analistas passou de 3,50% para 3,51%. J\u00e1 para 2008, a revis\u00e3o foi de 3,55% para 3,6%. <\/p>\n<p>A altera\u00e7\u00e3o promovida pelo IBGE (Instituto Brasileiro de Geografia e Estat\u00edstica) na metodologia de calcula das contas nacionais elevou as taxas de crescimento da economia entre 2002 e 2006. A do ano passado, por exemplo, passou de 2,9% para 3,7%. J\u00e1 o BC elevou em seu &#8220;Relat\u00f3rio de Infla\u00e7\u00e3o&#8221;&#8221;a expectativa de crescimento da economia de 3,5% para 4,1% neste ano. <\/p>\n<p>Em rela\u00e7\u00e3o \u00e0 infla\u00e7\u00e3o, a previs\u00e3o dos analistas apresentou um leve recuo, de acordo com o boletim Focus, divulgado semanalmente pelo BC. <\/p>\n<p>A proje\u00e7\u00e3o para o IPCA (\u00cdndice de Pre\u00e7os ao Consumidor Amplo) passou de 3,87% para 3,86%. O \u00edndice \u00e9 utilizado pelo governo no sistema de metas de infla\u00e7\u00e3o, que \u00e9 de 4,5%, com margem de toler\u00e2ncia de dois pontos para cima ou para baixo. A expectativa do IGP-DI (\u00cdndice Geral de Pre\u00e7os &#8211; Disponibilidade Interna) caiu de 4,07% para 4,01% e a do IGP-M (\u00cdndice Geral de Pre\u00e7os Mercado) subiu de 4,09% para 4,14%. <\/p>\n<p>N\u00e3o houve altera\u00e7\u00e3o em rela\u00e7\u00e3o \u00e0 aposta dos analistas para a taxa b\u00e1sica de juros. A expectativa \u00e9 que a Selic (taxa b\u00e1sica de juros) sofra um corte de apenas 0,25 ponto percentual, para 12,5% ao ano, na pr\u00f3xima reuni\u00e3o do Copom (Comit\u00ea de Pol\u00edtica Monet\u00e1ria), em abril. <\/p>\n<p>Para o final do ano, a expectativa \u00e9 que a taxa b\u00e1sica de juros chegue a 11,5% ao ano. <\/p>\n<p>Os analistas reduziram a proje\u00e7\u00e3o para o super\u00e1vit da balan\u00e7a comercial, que \u00e9 o saldo positivo entre exporta\u00e7\u00f5es e importa\u00e7\u00f5es, de US$ 39,6 bilh\u00f5es para US$ 39,45 bilh\u00f5es. <\/p>\n<p>Os analistas esperam ainda que o d\u00f3lar termine o m\u00eas de abril cotado a R$ 2,08 e que at\u00e9 o final do ano chegue a R$ 2,12. <\/p>\n","protected":false},"excerpt":{"rendered":"<p>Fonte:FolhaNews A revis\u00e3o nas contas nacionais e a melhora da previs\u00e3o do Banco Central para o crescimento da economia n\u00e3o foram suficientes para o mercado financeiro ficar mais otimista em rela\u00e7\u00e3o \u00e0 expans\u00e3o do PIB (Produto Interno Bruto). Para este ano, a expectativa dos analistas passou de 3,50% para 3,51%. J\u00e1 para 2008, a revis\u00e3o [&hellip;]<\/p>\n","protected":false},"author":1,"featured_media":0,"comment_status":"open","ping_status":"open","sticky":false,"template":"","format":"standard","meta":{"footnotes":""},"categories":[1],"tags":[],"class_list":["post-6870","post","type-post","status-publish","format-standard","hentry","category-noticias"],"acf":[],"_links":{"self":[{"href":"https:\/\/www.crea-mt.org.br\/portal\/wp-json\/wp\/v2\/posts\/6870","targetHints":{"allow":["GET"]}}],"collection":[{"href":"https:\/\/www.crea-mt.org.br\/portal\/wp-json\/wp\/v2\/posts"}],"about":[{"href":"https:\/\/www.crea-mt.org.br\/portal\/wp-json\/wp\/v2\/types\/post"}],"author":[{"embeddable":true,"href":"https:\/\/www.crea-mt.org.br\/portal\/wp-json\/wp\/v2\/users\/1"}],"replies":[{"embeddable":true,"href":"https:\/\/www.crea-mt.org.br\/portal\/wp-json\/wp\/v2\/comments?post=6870"}],"version-history":[{"count":0,"href":"https:\/\/www.crea-mt.org.br\/portal\/wp-json\/wp\/v2\/posts\/6870\/revisions"}],"wp:attachment":[{"href":"https:\/\/www.crea-mt.org.br\/portal\/wp-json\/wp\/v2\/media?parent=6870"}],"wp:term":[{"taxonomy":"category","embeddable":true,"href":"https:\/\/www.crea-mt.org.br\/portal\/wp-json\/wp\/v2\/categories?post=6870"},{"taxonomy":"post_tag","embeddable":true,"href":"https:\/\/www.crea-mt.org.br\/portal\/wp-json\/wp\/v2\/tags?post=6870"}],"curies":[{"name":"wp","href":"https:\/\/api.w.org\/{rel}","templated":true}]}}