{"id":6867,"date":"2007-04-02T00:00:00","date_gmt":"2007-04-02T03:00:00","guid":{"rendered":"https:\/\/crea-mt.org.br\/portal\/cni-pede-medidas-que-elevem-cotacao-do-dolar\/"},"modified":"2007-04-02T00:00:00","modified_gmt":"2007-04-02T03:00:00","slug":"cni-pede-medidas-que-elevem-cotacao-do-dolar","status":"publish","type":"post","link":"https:\/\/www.crea-mt.org.br\/portal\/cni-pede-medidas-que-elevem-cotacao-do-dolar\/","title":{"rendered":"CNI pede medidas que elevem cota\u00e7\u00e3o do d\u00f3lar"},"content":{"rendered":"<p>Fonte:Ag\u00eancia Estado<br \/>\nO d\u00f3lar encerrou o m\u00eas de mar\u00e7o com queda de 2,83% e chegando bem pr\u00f3ximo dos R$ 2,00. Nesta sexta-feira, a moeda norte-americana ficou em R$ 2,061, depois de, um dia antes, ter atingido o seu menor valor desde mar\u00e7o de 2001, a R$ 2,04. A Confedera\u00e7\u00e3o Nacional da Ind\u00fastria (CNI) reagiu cobrando do governo medidas que pressionem a moeda norte-americana para cima. <\/p>\n<p>&#8220;A taxa de c\u00e2mbio atual penaliza o setor exportador. Mais do que isso, torna as importa\u00e7\u00f5es muito baratas, afetando parte da produ\u00e7\u00e3o nacional&#8221;, disse Armando Monteiro Neto, presidente da CNI. A sugest\u00e3o do empres\u00e1rio e deputado federal \u00e9 que o Comit\u00ea de Pol\u00edtica Monet\u00e1ria (Copom) do Banco Central acelere o ritmo de redu\u00e7\u00e3o da taxa b\u00e1sica de juros, a Selic. A Selic elevada \u00e9 mais um atrativo para a entrada de d\u00f3lares no pa\u00eds. <\/p>\n<p>J\u00e1 o diretor-executivo de finan\u00e7as da Associa\u00e7\u00e3o Nacional dos Executivos de Finan\u00e7as (Anefac), Roberto Vertamatti, avalia que a moeda local tem se valorizado por causa das condi\u00e7\u00f5es favor\u00e1veis da economia brasileira. &#8220;O que est\u00e1 acontecendo hoje \u00e9 reflexo da pr\u00f3pria exporta\u00e7\u00e3o, dos investimentos feitos no pa\u00eds. Tem entrado muito d\u00f3lar no Brasil. Tudo isso \u00e9 reflexo do desempenho da pr\u00f3pria economia&#8221;, diz. <\/p>\n<p>Vertamatti lembra que v\u00e1rios produtos exportados pelo Brasil ganharam valor em d\u00f3lar, como o \u00e1lcool, o a\u00e7\u00facar e o ferro. &#8220;\u00c9 claro que temos alguns setores quese prejudicam com a valoriza\u00e7\u00e3o do real, como os t\u00eaxteis e os cal\u00e7ados, que perderam valor como d\u00f3lar. Mas no todo, o d\u00f3lar menos valorizado \u00e9 conseq\u00fc\u00eancia dos bons indicadores da economia do pa\u00eds&#8221;, diz. <\/p>\n<p>Preocupante, para o analista, \u00e9 o fato de as empresas n\u00e3o estarem aproveitando o cambio baixo para comprar m\u00e1quinas. D\u00f3lar mais barato favorece, especialmente, quem precisa ampliar seus neg\u00f3cios, o que, para ele, n\u00e3o est\u00e1 acontecendo. <\/p>\n<p>A importa\u00e7\u00e3o de bens de capital cresceu 25,6% nos primeiros dois meses de 2007, na compara\u00e7\u00e3o com 2006, segundo dados do minist\u00e9rio do Desenvolvimento, Ind\u00fastria e Com\u00e9rcio Exterior. Para Vertamatti, poderia crescer mais. &#8220;Dever\u00edamos estar mais aquecidos&#8221;, opina. No seu entender, o interesse do setor produtivo por adquirir novos equipamentos \u00e9 conseq\u00fc\u00eancia de um baixo crescimento econ\u00f4mico do pa\u00eds. Quando h\u00e1 aumento nas compras dos bens de capital (m\u00e1quinas e equipamentos) significa a inten\u00e7\u00e3o das industrias nacionais de se expandirem, empolgadas com a economia. <\/p>\n<p>Para o executivo, embora a nova revis\u00e3o de crescimento do Produto Interno Bruto (PIB, a soma das riquezas produzidas no pa\u00eds) coloque o Brasil em melhor situa\u00e7\u00e3o, com crescimento de 3,7% em 2006 e perspectiva de 4% este ano, o Brasil deveria acelerar o processo. &#8220;O patamar atual ainda \u00e9 muito baixo se comparado a nossos principais concorrentes emergentes, que s\u00e3o a China e a \u00cdndia&#8221;, diz, lembrando que o crescimento nesses pa\u00edses est\u00e1 entre 8% e 10% ao ano. <\/p>\n","protected":false},"excerpt":{"rendered":"<p>Fonte:Ag\u00eancia Estado O d\u00f3lar encerrou o m\u00eas de mar\u00e7o com queda de 2,83% e chegando bem pr\u00f3ximo dos R$ 2,00. Nesta sexta-feira, a moeda norte-americana ficou em R$ 2,061, depois de, um dia antes, ter atingido o seu menor valor desde mar\u00e7o de 2001, a R$ 2,04. A Confedera\u00e7\u00e3o Nacional da Ind\u00fastria (CNI) reagiu cobrando [&hellip;]<\/p>\n","protected":false},"author":1,"featured_media":0,"comment_status":"open","ping_status":"open","sticky":false,"template":"","format":"standard","meta":{"footnotes":""},"categories":[1],"tags":[],"class_list":["post-6867","post","type-post","status-publish","format-standard","hentry","category-noticias"],"acf":[],"_links":{"self":[{"href":"https:\/\/www.crea-mt.org.br\/portal\/wp-json\/wp\/v2\/posts\/6867","targetHints":{"allow":["GET"]}}],"collection":[{"href":"https:\/\/www.crea-mt.org.br\/portal\/wp-json\/wp\/v2\/posts"}],"about":[{"href":"https:\/\/www.crea-mt.org.br\/portal\/wp-json\/wp\/v2\/types\/post"}],"author":[{"embeddable":true,"href":"https:\/\/www.crea-mt.org.br\/portal\/wp-json\/wp\/v2\/users\/1"}],"replies":[{"embeddable":true,"href":"https:\/\/www.crea-mt.org.br\/portal\/wp-json\/wp\/v2\/comments?post=6867"}],"version-history":[{"count":0,"href":"https:\/\/www.crea-mt.org.br\/portal\/wp-json\/wp\/v2\/posts\/6867\/revisions"}],"wp:attachment":[{"href":"https:\/\/www.crea-mt.org.br\/portal\/wp-json\/wp\/v2\/media?parent=6867"}],"wp:term":[{"taxonomy":"category","embeddable":true,"href":"https:\/\/www.crea-mt.org.br\/portal\/wp-json\/wp\/v2\/categories?post=6867"},{"taxonomy":"post_tag","embeddable":true,"href":"https:\/\/www.crea-mt.org.br\/portal\/wp-json\/wp\/v2\/tags?post=6867"}],"curies":[{"name":"wp","href":"https:\/\/api.w.org\/{rel}","templated":true}]}}