{"id":6865,"date":"2007-04-03T00:00:00","date_gmt":"2007-04-03T03:00:00","guid":{"rendered":"https:\/\/crea-mt.org.br\/portal\/so-petrobras-tem-alcool-afirmam-donos-de-postos\/"},"modified":"2007-04-03T00:00:00","modified_gmt":"2007-04-03T03:00:00","slug":"so-petrobras-tem-alcool-afirmam-donos-de-postos","status":"publish","type":"post","link":"https:\/\/www.crea-mt.org.br\/portal\/so-petrobras-tem-alcool-afirmam-donos-de-postos\/","title":{"rendered":"S\u00f3 Petrobras tem \u00e1lcool, afirmam donos de postos"},"content":{"rendered":"<p>Das grandes distribuidoras, apenas a Petrobras (BR) tem \u00e1lcool para o suprimento dos postos &#8220;bandeirados&#8221; pela empresa. Ainda assim o combust\u00edvel est\u00e1 sendo &#8220;racionado&#8221;, pois o estoque &#8211; ao que tudo indica &#8211; parece estar pr\u00f3ximo do fim. <\/p>\n<p>&#8220;Na semana passada cheguei a ficar sem \u00e1lcool&#8221;, diz o empres\u00e1rio Jos\u00e9 Ant\u00f4nio Marinho, propriet\u00e1rio do Posto Europa, bandeirado pela BR. Ele diz que a \u00fanica distribuidora que ainda tem \u00e1lcool em Mato Grosso \u00e9 a Petrobras. &#8220;A BR compra o \u00e1lcool na bolsa e faz estoque para a \u00e9poca da entressafra&#8221;, conta. <\/p>\n<p>Marinho disse ter informa\u00e7\u00f5es ainda de que algumas distribuidoras chegaram a tentar comprar \u00e1lcool da Petrobras, mas n\u00e3o conseguiram. &#8220;Na verdade at\u00e9 a BR est\u00e1 com dificuldades. Estamos fazendo os pedidos de forma antecipada para n\u00e3o ficar sem o produto&#8221;, explica. <\/p>\n<p>Para o dono do posto Santa Elisa, Jo\u00e3o Marcelo Borges, o consumidor vai ter que estar &#8220;preparado e antenado ao que o mercado est\u00e1 sinalizando. Acredito at\u00e9 mesmo que ele ter\u00e1 que usar outro combust\u00edvel como alternativa, no caso dos carros flex&#8221;. <\/p>\n<p>Sobre a falta de \u00e1lcool hidratado no mercado, Borges confirmou a exist\u00eancia de problemas junto \u00e0s usinas. &#8220;No momento praticamente ningu\u00e9m tem \u00e1lcool. Apenas a Barr\u00e1lcool ainda est\u00e1 com estoque e est\u00e1 aumentando os pre\u00e7os para tentar segurar a demanda&#8221;, diz. <\/p>\n<p>Diante da situa\u00e7\u00e3o de escassez do combust\u00edvel no mercado, os postos est\u00e3o prevendo altas seq\u00fcenciais nos pre\u00e7os at\u00e9 \u00e0 normaliza\u00e7\u00e3o do abastecimento. <\/p>\n<p>ALERTA &#8211; &#8220;Enquanto o abastecimento n\u00e3o se normalizar, os pre\u00e7os poder\u00e3o continuar subindo. N\u00e3o temos no\u00e7\u00e3o de at\u00e9 quanto poder\u00e1 chegar, mas n\u00e3o acreditamos que passar\u00e1 dos R$ 2,40 registrados na entressafra do ano passado&#8221;, diz uma fonte do Sindicato do Com\u00e9rcio Varejista de Derivados de Petr\u00f3leo (Sindipetr\u00f3leo). <\/p>\n<p>O posto Santa Elisa, que chegou a vender o \u00e1lcool por R$ 1,44\/litro, foi obrigado a reajustar os pre\u00e7os em R$ 1,79. Outros postos est\u00e3o vendendo por R$ 1,86, R$ 1,99 e at\u00e9 R$ 2,05. (MM) <\/p>\n<p>Fonte:Di\u00e1rio de  Cuiab\u00e1 <\/p>\n","protected":false},"excerpt":{"rendered":"<p>Das grandes distribuidoras, apenas a Petrobras (BR) tem \u00e1lcool para o suprimento dos postos &#8220;bandeirados&#8221; pela empresa. Ainda assim o combust\u00edvel est\u00e1 sendo &#8220;racionado&#8221;, pois o estoque &#8211; ao que tudo indica &#8211; parece estar pr\u00f3ximo do fim. &#8220;Na semana passada cheguei a ficar sem \u00e1lcool&#8221;, diz o empres\u00e1rio Jos\u00e9 Ant\u00f4nio Marinho, propriet\u00e1rio do Posto [&hellip;]<\/p>\n","protected":false},"author":1,"featured_media":0,"comment_status":"open","ping_status":"open","sticky":false,"template":"","format":"standard","meta":{"footnotes":""},"categories":[1],"tags":[],"class_list":["post-6865","post","type-post","status-publish","format-standard","hentry","category-noticias"],"acf":[],"_links":{"self":[{"href":"https:\/\/www.crea-mt.org.br\/portal\/wp-json\/wp\/v2\/posts\/6865","targetHints":{"allow":["GET"]}}],"collection":[{"href":"https:\/\/www.crea-mt.org.br\/portal\/wp-json\/wp\/v2\/posts"}],"about":[{"href":"https:\/\/www.crea-mt.org.br\/portal\/wp-json\/wp\/v2\/types\/post"}],"author":[{"embeddable":true,"href":"https:\/\/www.crea-mt.org.br\/portal\/wp-json\/wp\/v2\/users\/1"}],"replies":[{"embeddable":true,"href":"https:\/\/www.crea-mt.org.br\/portal\/wp-json\/wp\/v2\/comments?post=6865"}],"version-history":[{"count":0,"href":"https:\/\/www.crea-mt.org.br\/portal\/wp-json\/wp\/v2\/posts\/6865\/revisions"}],"wp:attachment":[{"href":"https:\/\/www.crea-mt.org.br\/portal\/wp-json\/wp\/v2\/media?parent=6865"}],"wp:term":[{"taxonomy":"category","embeddable":true,"href":"https:\/\/www.crea-mt.org.br\/portal\/wp-json\/wp\/v2\/categories?post=6865"},{"taxonomy":"post_tag","embeddable":true,"href":"https:\/\/www.crea-mt.org.br\/portal\/wp-json\/wp\/v2\/tags?post=6865"}],"curies":[{"name":"wp","href":"https:\/\/api.w.org\/{rel}","templated":true}]}}