{"id":6864,"date":"2007-04-03T00:00:00","date_gmt":"2007-04-03T03:00:00","guid":{"rendered":"https:\/\/crea-mt.org.br\/portal\/aeroportos-registram-atrasos-em-83-dos-voos\/"},"modified":"2007-04-03T00:00:00","modified_gmt":"2007-04-03T03:00:00","slug":"aeroportos-registram-atrasos-em-83-dos-voos","status":"publish","type":"post","link":"https:\/\/www.crea-mt.org.br\/portal\/aeroportos-registram-atrasos-em-83-dos-voos\/","title":{"rendered":"Aeroportos registram atrasos em 8,3% dos v\u00f4os"},"content":{"rendered":"<p>S\u00e3o Paulo<\/p>\n<p>A Infraero &#8211; estatal que administras os aeroportos do pa\u00eds &#8211; registrou atrasos de mais de uma hora em 86 dos 1.360 dos v\u00f4os programados para ontem em todo o pa\u00eds. O \u00edndice representou 8,3% do total. <\/p>\n<p>Os aeroportos com maiores problemas foram os de Recife (PE) e Fortaleza (CE), onde 15% dos pousos e decolagens tiveram atrasos. Segundo a Infraero, nenhum deles teve cancelamentos. Em todo o pa\u00eds, 23 foram cancelados (1,7% do total). <\/p>\n<p>GRAVE <\/p>\n<p>Durante o fim de semana, a situa\u00e7\u00e3o nos terminais foi muito mais grave, devido ao auto-aquartelamento e \u00e0 greve dos controladores do Cindacta-1, em Bras\u00edlia, de onde \u00e9 controlado o espa\u00e7o a\u00e9reo das regi\u00f5es Sudeste e Centro-Oeste. <\/p>\n<p>ESPA\u00c7O A\u00c9REO <\/p>\n<p>A greve praticamente paralisou o espa\u00e7o a\u00e9reo do pa\u00eds. No s\u00e1bado, houve atrasos de mais de uma hora em 29,5% dos v\u00f4os e 7,4% foram cancelados. Ontem, o tr\u00e1fego a\u00e9reo come\u00e7ou a ser normalizado, mas 18,7% dos v\u00f4os atrasaram. <\/p>\n<p>TURISMO <\/p>\n<p>Uma porta-voz do Conselho Mundial de Viagens e Turismo disse que os problemas enfrentados pelo setor a\u00e9reo no Brasil n\u00e3o dever\u00e3o afetar o turismo no pa\u00eds no longo prazo. <\/p>\n<p>Segundo a porta-voz Luise Oram, experi\u00eancias passadas mostram que interrup\u00e7\u00f5es no tr\u00e1fego a\u00e9reo n\u00e3o deixam uma m\u00e1 impress\u00e3o duradoura nos turistas.<br \/>\nFonte:S\u00e3o Paulo <\/p>\n","protected":false},"excerpt":{"rendered":"<p>S\u00e3o Paulo A Infraero &#8211; estatal que administras os aeroportos do pa\u00eds &#8211; registrou atrasos de mais de uma hora em 86 dos 1.360 dos v\u00f4os programados para ontem em todo o pa\u00eds. O \u00edndice representou 8,3% do total. Os aeroportos com maiores problemas foram os de Recife (PE) e Fortaleza (CE), onde 15% dos [&hellip;]<\/p>\n","protected":false},"author":1,"featured_media":0,"comment_status":"open","ping_status":"open","sticky":false,"template":"","format":"standard","meta":{"footnotes":""},"categories":[1],"tags":[],"class_list":["post-6864","post","type-post","status-publish","format-standard","hentry","category-noticias"],"acf":[],"_links":{"self":[{"href":"https:\/\/www.crea-mt.org.br\/portal\/wp-json\/wp\/v2\/posts\/6864","targetHints":{"allow":["GET"]}}],"collection":[{"href":"https:\/\/www.crea-mt.org.br\/portal\/wp-json\/wp\/v2\/posts"}],"about":[{"href":"https:\/\/www.crea-mt.org.br\/portal\/wp-json\/wp\/v2\/types\/post"}],"author":[{"embeddable":true,"href":"https:\/\/www.crea-mt.org.br\/portal\/wp-json\/wp\/v2\/users\/1"}],"replies":[{"embeddable":true,"href":"https:\/\/www.crea-mt.org.br\/portal\/wp-json\/wp\/v2\/comments?post=6864"}],"version-history":[{"count":0,"href":"https:\/\/www.crea-mt.org.br\/portal\/wp-json\/wp\/v2\/posts\/6864\/revisions"}],"wp:attachment":[{"href":"https:\/\/www.crea-mt.org.br\/portal\/wp-json\/wp\/v2\/media?parent=6864"}],"wp:term":[{"taxonomy":"category","embeddable":true,"href":"https:\/\/www.crea-mt.org.br\/portal\/wp-json\/wp\/v2\/categories?post=6864"},{"taxonomy":"post_tag","embeddable":true,"href":"https:\/\/www.crea-mt.org.br\/portal\/wp-json\/wp\/v2\/tags?post=6864"}],"curies":[{"name":"wp","href":"https:\/\/api.w.org\/{rel}","templated":true}]}}