{"id":6860,"date":"2007-04-03T00:00:00","date_gmt":"2007-04-03T03:00:00","guid":{"rendered":"https:\/\/crea-mt.org.br\/portal\/presidente-lula-enquadra-ministros\/"},"modified":"2007-04-03T00:00:00","modified_gmt":"2007-04-03T03:00:00","slug":"presidente-lula-enquadra-ministros","status":"publish","type":"post","link":"https:\/\/www.crea-mt.org.br\/portal\/presidente-lula-enquadra-ministros\/","title":{"rendered":"Presidente Lula enquadra ministros"},"content":{"rendered":"<p>Na primeira reuni\u00e3o ministerial de seu segundo mandato, o presidente Luiz In\u00e1cio Lula da Silva avisou ontem que o governo n\u00e3o vai &#8220;soltar as r\u00e9deas&#8221; dos gastos p\u00fablicos e sinalizou que n\u00e3o quer ca\u00e7a aos t\u00e9cnicos petistas nos minist\u00e9rios entregue aos aliados. Ao se reunir no Pal\u00e1cio do Planalto pela primeira vez com a equipe ministerial do segundo mandato, ele defendeu gest\u00f5es controladas, pediu um planejamento econ\u00f4mico at\u00e9 2022 e recomendou aos novos ministros que mantenham &#8220;t\u00e9cnicos&#8221; indicados por outros partidos nos cargos, pois n\u00e3o teria entregue as pastas com porteira fechada. &#8220;Todos temos de entender que n\u00e3o existem pol\u00edticas de ministro, existem apenas pol\u00edticas de governo, boas ou m\u00e1s&#8221;, afirmou. <\/p>\n<p>Um dos participantes do encontro, o ministro Franklin Martins, da Secretaria de Comunica\u00e7\u00e3o Social, relatou que o presidente pediu &#8220;esp\u00edrito de governo de coaliz\u00e3o&#8221;. Martins disse que Lula foi &#8220;elegante&#8221; em n\u00e3o citar nomes. O presidente teria deixado claro que em um governo de coaliz\u00e3o n\u00e3o existe a possibilidade de cada ministro indicar todos os nomes para primeiro e segundo escal\u00f5es. <\/p>\n<p>&#8220;N\u00e3o \u00e9 porteira fechada&#8221;, explicou o ministro de Comunica\u00e7\u00e3o Social. Na semana passada, o presidente j\u00e1 havia mandado um recado ao novo ministro do Trabalho, Carlos Lupi, para n\u00e3o demitir pessoas ligadas ao PT e \u00e0 Central \u00danica dos Trabalhadores (CUT). <\/p>\n<p>Antes de posar para a fotografia oficial da nova equipe, Lula baixou regras de conviv\u00eancia. &#8220;Ministro n\u00e3o critica ministro publicamente, apenas se discute&#8221;, orientou o presidente, que no primeiro governo foi surpreendido com uma s\u00e9rie de diverg\u00eancias entre ministros. &#8220;O governo se move com solidariedade interna&#8221;, pregou. <\/p>\n<p>RECOMENDA\u00c7\u00c3O <\/p>\n<p>Lula tamb\u00e9m recomendou que os ministros fossem cuidadosos ao fazer declara\u00e7\u00f5es envolvendo outros pa\u00edses. Nas \u00faltimas semanas, o ministro das Comunica\u00e7\u00f5es, H\u00e9lio Costa, causou pol\u00eamica ao criticar o modelo de comunica\u00e7\u00e3o do presidente da Venezuela, Hugo Ch\u00e1vez. O cuidado nas declara\u00e7\u00f5es, segundo assessores, tamb\u00e9m poderia ser um recado para ministra da Promo\u00e7\u00e3o Racial, Matilde Ribeiro, que causou constrangimentos ao governo na semana passada ao afirmar que insulto a brancos n\u00e3o era racismo. Matilde, assim como Gilberto Gil, da pasta da Cultura, foi as duas \u00fanicas aus\u00eancias na reuni\u00e3o da equipe de Lula, que conta agora com 35 ministros. Matilde est\u00e1 no Senegal e Gil, de licen\u00e7a. <\/p>\n<p>INDEPEND\u00caNCIA <\/p>\n<p>O presidente manifestou a vontade de enviar uma proposta para o Congresso Nacional ou para a sociedade para ser discutido um planejamento para o Pa\u00eds at\u00e9 o ano de 2022. A id\u00e9ia seria debater com a sociedade &#8220;o que ela quer ser&#8221; no ano em que o Pa\u00eds completar\u00e1 200 anos de independ\u00eancia.<br \/>\nFonte:Di\u00e1rio de Cuiab\u00e1 <\/p>\n","protected":false},"excerpt":{"rendered":"<p>Na primeira reuni\u00e3o ministerial de seu segundo mandato, o presidente Luiz In\u00e1cio Lula da Silva avisou ontem que o governo n\u00e3o vai &#8220;soltar as r\u00e9deas&#8221; dos gastos p\u00fablicos e sinalizou que n\u00e3o quer ca\u00e7a aos t\u00e9cnicos petistas nos minist\u00e9rios entregue aos aliados. Ao se reunir no Pal\u00e1cio do Planalto pela primeira vez com a equipe [&hellip;]<\/p>\n","protected":false},"author":1,"featured_media":0,"comment_status":"open","ping_status":"open","sticky":false,"template":"","format":"standard","meta":{"footnotes":""},"categories":[1],"tags":[],"class_list":["post-6860","post","type-post","status-publish","format-standard","hentry","category-noticias"],"acf":[],"_links":{"self":[{"href":"https:\/\/www.crea-mt.org.br\/portal\/wp-json\/wp\/v2\/posts\/6860","targetHints":{"allow":["GET"]}}],"collection":[{"href":"https:\/\/www.crea-mt.org.br\/portal\/wp-json\/wp\/v2\/posts"}],"about":[{"href":"https:\/\/www.crea-mt.org.br\/portal\/wp-json\/wp\/v2\/types\/post"}],"author":[{"embeddable":true,"href":"https:\/\/www.crea-mt.org.br\/portal\/wp-json\/wp\/v2\/users\/1"}],"replies":[{"embeddable":true,"href":"https:\/\/www.crea-mt.org.br\/portal\/wp-json\/wp\/v2\/comments?post=6860"}],"version-history":[{"count":0,"href":"https:\/\/www.crea-mt.org.br\/portal\/wp-json\/wp\/v2\/posts\/6860\/revisions"}],"wp:attachment":[{"href":"https:\/\/www.crea-mt.org.br\/portal\/wp-json\/wp\/v2\/media?parent=6860"}],"wp:term":[{"taxonomy":"category","embeddable":true,"href":"https:\/\/www.crea-mt.org.br\/portal\/wp-json\/wp\/v2\/categories?post=6860"},{"taxonomy":"post_tag","embeddable":true,"href":"https:\/\/www.crea-mt.org.br\/portal\/wp-json\/wp\/v2\/tags?post=6860"}],"curies":[{"name":"wp","href":"https:\/\/api.w.org\/{rel}","templated":true}]}}