{"id":6859,"date":"2007-04-04T00:00:00","date_gmt":"2007-04-04T03:00:00","guid":{"rendered":"https:\/\/crea-mt.org.br\/portal\/aneel-autoriza-reajuste\/"},"modified":"2007-04-04T00:00:00","modified_gmt":"2007-04-04T03:00:00","slug":"aneel-autoriza-reajuste","status":"publish","type":"post","link":"https:\/\/www.crea-mt.org.br\/portal\/aneel-autoriza-reajuste\/","title":{"rendered":"Aneel autoriza reajuste"},"content":{"rendered":"<p>Os mato-grossenses pagar\u00e3o mais caro pela energia consumida a partir da zero hora do pr\u00f3ximo domingo, dia 8. Ontem, a Ag\u00eancia Nacional de Energia El\u00e9trica (Aneel) autorizou o reajuste das tarifas das concession\u00e1rias de energia, entre elas a Centrais El\u00e9tricas Mato-grossense S\/A. O Reajuste Tarif\u00e1rio Anual realizado todo m\u00eas de abril trar\u00e1 este ano percentuais m\u00e9dios de 7,81% para consumidores atendidos na baixa tens\u00e3o e de 13,30% na alta tens\u00e3o. Atualmente, a concession\u00e1ria possui 838.166 clientes, sendo cerca de 80% clientes residenciais. <\/p>\n<p>At\u00e9 o momento, apenas a Cemat e a Empresa Energ\u00e9tica do Mato Grosso do Sul (Enersul) tiveram o valor da tarifa revisto pela Ag\u00eancia na regi\u00e3o Centro-Oeste, e na compara\u00e7\u00e3o entre as duas distribuidoras a mato-grossense obteve a maior alta. Para a Enersul, foram autorizados repasses de 3,46% para baixa tens\u00e3o e 2,58% para alta. Para as distribuidoras que atendem Goi\u00e1s e Distrito Federal, o reajuste anual acontece no segundo semestre. <\/p>\n<p>De acordo com a Cemat, cerca de 80% dos clientes est\u00e3o enquadrados na classe residencial. Do universo de consumidores, 834.832 est\u00e3o na baixa tens\u00e3o &#8211; como as resid\u00eancias &#8211; e 3.334 na alta tens\u00e3o &#8211; como, por exemplo, as ind\u00fastrias. <\/p>\n<p>A assessoria de imprensa da Cemat observa que 11.125 ind\u00fastrias s\u00e3o atendidas na baixa tens\u00e3o e 1.059 na alta tens\u00e3o. Dos 834.832 em baixa tens\u00e3o, 668.285 s\u00e3o residenciais. &#8220;\u00c9 preciso ter acesso aos detalhes da resolu\u00e7\u00e3o para avaliar a extens\u00e3o do reajuste nas classes de consumo&#8221;. A diretora da concession\u00e1ria dever\u00e1 comentar os n\u00fameros da Aneel amanh\u00e3, ap\u00f3s a publica\u00e7\u00e3o da resolu\u00e7\u00e3o. <\/p>\n<p>Com o reajuste do ano passado, que para Cemat foi negativo, em 5,64% &#8211; primeiro desde que foi privatizada em 1997 -, a distribuidora ocupou o 42\u00aa lugar no ranking de tarifas residenciais da Aneel entre as 64 em atua\u00e7\u00e3o no pa\u00eds. At\u00e9 o dia 7, o pre\u00e7o do quilowatt-hora, livre de impostos, \u00e9 de R$ 0,30500. J\u00e1 a Enersul tem a tarifa mais cara do Brasil: R$ 0,41915. <\/p>\n<p>Em 2004, a Aneel autorizou reajuste na tarifa de 14,81%. Em 2005 foram repassados 15,39% e no ano passado, levando em conta as varia\u00e7\u00f5es entre as classes de consumo e o \u00edndice negativo da baixa tens\u00e3o, o reajuste m\u00e9dio foi de 5,17%. <\/p>\n<p>A tarifa tamb\u00e9m fica mais cara a partir do pr\u00f3ximo domingo para os consumidores da Companhia Paulista de For\u00e7a e Luz (CPFL) e Cemig Distribui\u00e7\u00e3o S\/A, com altas de 3,48% e 4,02% e de 3,46% e 2,58%, respectivamente para baixa e alta tens\u00f5es. <\/p>\n<p>ABAIXO DO ESPERADO &#8211; As empresas encaminharam \u00e0 Aneel pedidos de reajuste com os \u00edndices maiores do que os autorizados. A Enersul solicitou 21,72% de reajuste e a Cemig pediu 20,88%. As empresa CPFL e Cemat pediram 7,74% e 15,30%, respectivamente. <\/p>\n<p>MAIS ALTA &#8211; Em abril do pr\u00f3ximo ano ser\u00e1 a vez da Revis\u00e3o Tarif\u00e1ria Peri\u00f3dica atingir os mato-grossenses, com um reajuste de tarifa mais complexo e que para a Cemat \u00e9 concedido pela Aneel a cada cinco anos. A revis\u00e3o vai redefinir os valores do quilowatt-hora por meio da estrutura de custos da distribuidora e do comportamento do mercado no per\u00edodo. A \u00faltima revis\u00e3o foi anunciada em abril de 2003 e elevou a tarifa em 26%. Em ano de Revis\u00e3o Tarif\u00e1ria Peri\u00f3dica, ela substitui o reajuste anual. <\/p>\n<p>De acordo com a ag\u00eancia, o mecanismo de Reajuste Tarif\u00e1rio Anual tem como objetivo restabelecer o poder de compra da receita obtida por meio das tarifas adotadas pela concession\u00e1ria. <\/p>\n<p>A receita de distribui\u00e7\u00e3o \u00e9 composta por duas parcelas: a &#8220;Parcela A, representada pelos custos n\u00e3o-gerenci\u00e1veis da empresa (encargos setoriais, encargos de transmiss\u00e3o e compra de energia para revenda), e a &#8220;Parcela B&#8221;, que agrega os custos gerenci\u00e1veis (despesas com opera\u00e7\u00e3o e manuten\u00e7\u00e3o, despesas de capital). <\/p>\n<p>Fonte:Di\u00e1rio de Cuiab\u00e1 <\/p>\n","protected":false},"excerpt":{"rendered":"<p>Os mato-grossenses pagar\u00e3o mais caro pela energia consumida a partir da zero hora do pr\u00f3ximo domingo, dia 8. Ontem, a Ag\u00eancia Nacional de Energia El\u00e9trica (Aneel) autorizou o reajuste das tarifas das concession\u00e1rias de energia, entre elas a Centrais El\u00e9tricas Mato-grossense S\/A. O Reajuste Tarif\u00e1rio Anual realizado todo m\u00eas de abril trar\u00e1 este ano percentuais [&hellip;]<\/p>\n","protected":false},"author":1,"featured_media":0,"comment_status":"open","ping_status":"open","sticky":false,"template":"","format":"standard","meta":{"footnotes":""},"categories":[1],"tags":[],"class_list":["post-6859","post","type-post","status-publish","format-standard","hentry","category-noticias"],"acf":[],"_links":{"self":[{"href":"https:\/\/www.crea-mt.org.br\/portal\/wp-json\/wp\/v2\/posts\/6859","targetHints":{"allow":["GET"]}}],"collection":[{"href":"https:\/\/www.crea-mt.org.br\/portal\/wp-json\/wp\/v2\/posts"}],"about":[{"href":"https:\/\/www.crea-mt.org.br\/portal\/wp-json\/wp\/v2\/types\/post"}],"author":[{"embeddable":true,"href":"https:\/\/www.crea-mt.org.br\/portal\/wp-json\/wp\/v2\/users\/1"}],"replies":[{"embeddable":true,"href":"https:\/\/www.crea-mt.org.br\/portal\/wp-json\/wp\/v2\/comments?post=6859"}],"version-history":[{"count":0,"href":"https:\/\/www.crea-mt.org.br\/portal\/wp-json\/wp\/v2\/posts\/6859\/revisions"}],"wp:attachment":[{"href":"https:\/\/www.crea-mt.org.br\/portal\/wp-json\/wp\/v2\/media?parent=6859"}],"wp:term":[{"taxonomy":"category","embeddable":true,"href":"https:\/\/www.crea-mt.org.br\/portal\/wp-json\/wp\/v2\/categories?post=6859"},{"taxonomy":"post_tag","embeddable":true,"href":"https:\/\/www.crea-mt.org.br\/portal\/wp-json\/wp\/v2\/tags?post=6859"}],"curies":[{"name":"wp","href":"https:\/\/api.w.org\/{rel}","templated":true}]}}