{"id":6856,"date":"2007-04-04T00:00:00","date_gmt":"2007-04-04T03:00:00","guid":{"rendered":"https:\/\/crea-mt.org.br\/portal\/arquitetos-projetam-uma-cuiaba-do-futuro-em-exposicao-no-shopping-pantanal\/"},"modified":"2007-04-04T00:00:00","modified_gmt":"2007-04-04T03:00:00","slug":"arquitetos-projetam-uma-cuiaba-do-futuro-em-exposicao-no-shopping-pantanal","status":"publish","type":"post","link":"https:\/\/www.crea-mt.org.br\/portal\/arquitetos-projetam-uma-cuiaba-do-futuro-em-exposicao-no-shopping-pantanal\/","title":{"rendered":"Arquitetos projetam uma Cuiab\u00e1 do futuro em exposi\u00e7\u00e3o no Shopping Pantanal"},"content":{"rendered":"<p>Na exposi\u00e7\u00e3o, profissionais renomados da arquitetura de Mato Grosso, apresentam projetos em homenagem ao anivers\u00e1rio de Cuiab\u00e1, de um jeito criativo e surpreendente<\/p>\n<p>Quem visitar o Shopping Pantanal durante o m\u00eas de abril vai conferir a criatividade de oito arquitetos locais, que projetaram em &#8220;um t\u00fanel do tempo&#8221; a sua vis\u00e3o futurista de uma Cuiab\u00e1 ousada, moderna e acess\u00edvel. A exposi\u00e7\u00e3o intitulada &#8220;Arquitetos da Cidade&#8221; \u00e9 uma homenagem desses profissionais do Sistema do Conselho Regional de Engenharia, Arquitetura e Agronomia (Crea), aos 288 anos da capital de Mato Grosso.<\/p>\n<p>&#8220;Tentamos projetar uma Cuiab\u00e1 com que sonhamos e mesclamos, arte, cultura e bom gosto. Esperamos que todos gostem&#8221;, explicam Benedito Lib\u00e2nio Neto e Marcell de Barros Saad, arquitetos expositores e organizadores da mostra. <\/p>\n<p>De acordo com os arquitetos, a exposi\u00e7\u00e3o pode ser vista durante todo o dia com entrada gratuita. A mostra teve in\u00edcio no dia dois de abril e prossegue at\u00e9 o dia primeiro de maio com exposi\u00e7\u00f5es fotogr\u00e1ficas da arquitetura de Cuiab\u00e1, lan\u00e7amento de livros, palestras, e mini-cursos de gastronomia e degusta\u00e7\u00e3o de vinhos. &#8220;A mostra \u00e9 uma forma de n\u00f3s, arquitetos, demonstrarmos nosso carinho por Cuiab\u00e1 e contribuirmos para o desenvolvimento da cidade&#8221;, diz Benedito. <\/p>\n<p>&#8220;Para quem for apreciar a mostra est\u00e1 confortavelmente instalada em um espa\u00e7o f\u00edsico de 384,00m2, no 2\u00ba piso do shopping. S\u00e3o maquetes animadas e apresenta\u00e7\u00f5es de v\u00eddeos institucionais do trabalho de cada arquiteto&#8221;, convidou Benedito.<\/p>\n<p>Para o presidente do Crea-MT, Tarciso Bassan, a exposi\u00e7\u00e3o vai mostrar a import\u00e2ncia do profissional arquiteto no contexto urbano. &#8220;A sociedade precisa saber que a atividade do arquiteto est\u00e1 ligada \u00e0 qualidade de vida das pessoas, al\u00e9m de ser um trabalho essencial para o desenvolvimento das cidades&#8221;, declarou Bassan.<\/p>\n<p>*Rafaela Maximiano<br \/>\nAssessoria\/Crea-MT<\/p>\n","protected":false},"excerpt":{"rendered":"<p>Na exposi\u00e7\u00e3o, profissionais renomados da arquitetura de Mato Grosso, apresentam projetos em homenagem ao anivers\u00e1rio de Cuiab\u00e1, de um jeito criativo e surpreendente Quem visitar o Shopping Pantanal durante o m\u00eas de abril vai conferir a criatividade de oito arquitetos locais, que projetaram em &#8220;um t\u00fanel do tempo&#8221; a sua vis\u00e3o futurista de uma Cuiab\u00e1 [&hellip;]<\/p>\n","protected":false},"author":1,"featured_media":0,"comment_status":"open","ping_status":"open","sticky":false,"template":"","format":"standard","meta":{"footnotes":""},"categories":[1],"tags":[],"class_list":["post-6856","post","type-post","status-publish","format-standard","hentry","category-noticias"],"acf":[],"_links":{"self":[{"href":"https:\/\/www.crea-mt.org.br\/portal\/wp-json\/wp\/v2\/posts\/6856","targetHints":{"allow":["GET"]}}],"collection":[{"href":"https:\/\/www.crea-mt.org.br\/portal\/wp-json\/wp\/v2\/posts"}],"about":[{"href":"https:\/\/www.crea-mt.org.br\/portal\/wp-json\/wp\/v2\/types\/post"}],"author":[{"embeddable":true,"href":"https:\/\/www.crea-mt.org.br\/portal\/wp-json\/wp\/v2\/users\/1"}],"replies":[{"embeddable":true,"href":"https:\/\/www.crea-mt.org.br\/portal\/wp-json\/wp\/v2\/comments?post=6856"}],"version-history":[{"count":0,"href":"https:\/\/www.crea-mt.org.br\/portal\/wp-json\/wp\/v2\/posts\/6856\/revisions"}],"wp:attachment":[{"href":"https:\/\/www.crea-mt.org.br\/portal\/wp-json\/wp\/v2\/media?parent=6856"}],"wp:term":[{"taxonomy":"category","embeddable":true,"href":"https:\/\/www.crea-mt.org.br\/portal\/wp-json\/wp\/v2\/categories?post=6856"},{"taxonomy":"post_tag","embeddable":true,"href":"https:\/\/www.crea-mt.org.br\/portal\/wp-json\/wp\/v2\/tags?post=6856"}],"curies":[{"name":"wp","href":"https:\/\/api.w.org\/{rel}","templated":true}]}}