{"id":6855,"date":"2007-04-04T00:00:00","date_gmt":"2007-04-04T03:00:00","guid":{"rendered":"https:\/\/crea-mt.org.br\/portal\/fpi-identifica-irregularidades-em-29-estabelecimentos-vistoriados\/"},"modified":"2007-04-04T00:00:00","modified_gmt":"2007-04-04T03:00:00","slug":"fpi-identifica-irregularidades-em-29-estabelecimentos-vistoriados","status":"publish","type":"post","link":"https:\/\/www.crea-mt.org.br\/portal\/fpi-identifica-irregularidades-em-29-estabelecimentos-vistoriados\/","title":{"rendered":"FPI identifica irregularidades em 29 estabelecimentos vistoriados"},"content":{"rendered":"<p>Todas as 29 farm\u00e1cias e drogarias vistoriadas pela Fiscaliza\u00e7\u00e3o Preventiva e Integrada (FPI), em Cuiab\u00e1 e V\u00e1rzea Grande, apresentaram irregularidades. Dentre as mais graves est\u00e3o a falta dos alvar\u00e1s sanit\u00e1rios municipais, de funcionamento e a n\u00e3o exist\u00eancia do registro junto ao Conselho Regional de Farm\u00e1cias (CRF). &#8220;Quando n\u00e3o tinha o alvar\u00e1, o estabelecimento apresentava o protocolo do processo para autoriza\u00e7\u00e3o junto ao \u00f3rg\u00e3o respons\u00e1vel&#8221;, informou o agente de fiscaliza\u00e7\u00e3o do Crea-MT, Adriano Vieira Furtado. <\/p>\n<p>A a\u00e7\u00e3o foi realizada no per\u00edodo de 19 de mar\u00e7o a quatro de abril e, desenvolvida pelo Conselho Regional de Engenharia, Arquitetura e Agronomia de Mato Grosso (Crea-MT) em parceria com a Superintend\u00eancia de Defesa do Consumidor (Procon-MT), Corpo de Bombeiros, CRF, secretarias de Meio Ambiente de Cuiab\u00e1 e V\u00e1rzea Grande e, a Vigil\u00e2ncia Sanit\u00e1ria de Cuiab\u00e1. <\/p>\n<p>Entre as irregularidades apontadas pelo Crea-MT est\u00e1 a falta de acessibilidade para deficientes f\u00edsicos. &#8220;Cabe \u00e0 Prefeitura cobrar essa adapta\u00e7\u00e3o, mas o Crea tamb\u00e9m realiza um trabalho preventivo junto aos estabelecimentos&#8221;, salientou Adriano. Tamb\u00e9m foi solicitado pelo \u00f3rg\u00e3o, a nota fiscal das empresas que realizam a manuten\u00e7\u00e3o de equipamentos eletro-eletr\u00f4nicos e predial em servi\u00e7os de ar-condicionado, por exemplo. &#8220;Com isso vamos verificar o exerc\u00edcio profissional dos que atuam nessas empresas e se possuem a Anota\u00e7\u00e3o de Responsabilidade T\u00e9cnica junto ao Crea-MT&#8221;, explicou. <\/p>\n<p>Adriano tamb\u00e9m destacou a atua\u00e7\u00e3o do Procon como de fundamental import\u00e2ncia para a sociedade uma vez que o \u00f3rg\u00e3o verifica a falta da listagem de medicamentos gen\u00e9ricos, a precifica\u00e7\u00e3o dos produtos, a condi\u00e7\u00e3o de pagamento, pre\u00e7o m\u00e1ximo dos medicamentos, data de validade, entre outros. <\/p>\n<p>*Rafaela Maximiano<br \/>\nAssessoria\/Crea-MT<\/p>\n","protected":false},"excerpt":{"rendered":"<p>Todas as 29 farm\u00e1cias e drogarias vistoriadas pela Fiscaliza\u00e7\u00e3o Preventiva e Integrada (FPI), em Cuiab\u00e1 e V\u00e1rzea Grande, apresentaram irregularidades. Dentre as mais graves est\u00e3o a falta dos alvar\u00e1s sanit\u00e1rios municipais, de funcionamento e a n\u00e3o exist\u00eancia do registro junto ao Conselho Regional de Farm\u00e1cias (CRF). &#8220;Quando n\u00e3o tinha o alvar\u00e1, o estabelecimento apresentava o [&hellip;]<\/p>\n","protected":false},"author":1,"featured_media":0,"comment_status":"open","ping_status":"open","sticky":false,"template":"","format":"standard","meta":{"footnotes":""},"categories":[1],"tags":[],"class_list":["post-6855","post","type-post","status-publish","format-standard","hentry","category-noticias"],"acf":[],"_links":{"self":[{"href":"https:\/\/www.crea-mt.org.br\/portal\/wp-json\/wp\/v2\/posts\/6855","targetHints":{"allow":["GET"]}}],"collection":[{"href":"https:\/\/www.crea-mt.org.br\/portal\/wp-json\/wp\/v2\/posts"}],"about":[{"href":"https:\/\/www.crea-mt.org.br\/portal\/wp-json\/wp\/v2\/types\/post"}],"author":[{"embeddable":true,"href":"https:\/\/www.crea-mt.org.br\/portal\/wp-json\/wp\/v2\/users\/1"}],"replies":[{"embeddable":true,"href":"https:\/\/www.crea-mt.org.br\/portal\/wp-json\/wp\/v2\/comments?post=6855"}],"version-history":[{"count":0,"href":"https:\/\/www.crea-mt.org.br\/portal\/wp-json\/wp\/v2\/posts\/6855\/revisions"}],"wp:attachment":[{"href":"https:\/\/www.crea-mt.org.br\/portal\/wp-json\/wp\/v2\/media?parent=6855"}],"wp:term":[{"taxonomy":"category","embeddable":true,"href":"https:\/\/www.crea-mt.org.br\/portal\/wp-json\/wp\/v2\/categories?post=6855"},{"taxonomy":"post_tag","embeddable":true,"href":"https:\/\/www.crea-mt.org.br\/portal\/wp-json\/wp\/v2\/tags?post=6855"}],"curies":[{"name":"wp","href":"https:\/\/api.w.org\/{rel}","templated":true}]}}