{"id":6854,"date":"2007-04-09T00:00:00","date_gmt":"2007-04-09T03:00:00","guid":{"rendered":"https:\/\/crea-mt.org.br\/portal\/crea-ma-realiza-treinamento-tecnico-para-realizacao-do-6ocep\/"},"modified":"2007-04-09T00:00:00","modified_gmt":"2007-04-09T03:00:00","slug":"crea-ma-realiza-treinamento-tecnico-para-realizacao-do-6ocep","status":"publish","type":"post","link":"https:\/\/www.crea-mt.org.br\/portal\/crea-ma-realiza-treinamento-tecnico-para-realizacao-do-6ocep\/","title":{"rendered":"Crea-MA realiza treinamento t\u00e9cnico para realiza\u00e7\u00e3o do 6\u00baCEP"},"content":{"rendered":"<p>O Conselho Regional de Engenharia, Arquitetura e Agronomia do Maranh\u00e3o (Crea-MA) vai promover, dias 12 e 13 de abril, numa parceria com o Governo do Estado, por meio da Universidade Virtual do Maranh\u00e3o (Univima), um treinamento t\u00e9cnico aos seus Inspetores e funcion\u00e1rios regionais. O objetivo \u00e9 realizar em 19 e 20 de abril, do 6\u00ba Congresso Estadual dos Profissionais (CEP), que ter\u00e1 como tema central &#8220;O Novo Pacto Profissional e Social&#8221;.<\/p>\n<p>No treinamento, os inspetores regionais de A\u00e7ail\u00e2ndia, Imperatriz, Santa In\u00eas, Caxias, Balsas, Pinheiro, Pedreiras, Cod\u00f3, Pedreiras, Timon, Bacabal e Presidente Dutra receber\u00e3o orienta\u00e7\u00e3o dos t\u00e9cnicos da Univima de como devem proceder na realiza\u00e7\u00e3o do 6\u00ba CEP. Um encontro preliminar j\u00e1 foi realizado virtualmente com os inspetores no m\u00eas passado, na sede da Univima.<\/p>\n<p>Este segundo vai capacitar melhor os envolvidos no Congresso. &#8220;Todos os detalhes ser\u00e3o definidos para que tudo se realize numa intera\u00e7\u00e3o total entre a Coordena\u00e7\u00e3o Central e os participantes nos seus respectivos p\u00f3los&#8221;, disse o coordenador estadual do Congresso, eng. civil Francisco Jos\u00e9 Albuquerque.<\/p>\n<p>Pacto Profissional e Social<br \/>\nOs participantes do 6\u00ba CEP v\u00e3o discutir e propor pol\u00edticas, estrat\u00e9gias, planos e programas de atua\u00e7\u00e3o, bem como afirmar o papel dos profissionais da \u00e1rea da engenharia, arquitetura, agronomia, geologia, geografia e meteorologia no desenvolvimento nacional e propiciar maior integra\u00e7\u00e3o do Sistema Confea\/Crea.<\/p>\n<p>Ser\u00e3o debatidos sete eixos tem\u00e1ticos: A Identidade das Profiss\u00f5es e dos Profissionais; A Efic\u00e1cia do Exerc\u00edcio Profissional; As Finalidades e Pap\u00e9is Institucionais dos Integrantes do Sistema Confea\/Crea; A Adequa\u00e7\u00e3o das Estruturas Organizacionais; A Composi\u00e7\u00e3o dos Conselhos Federal e Regionais; A Forma\u00e7\u00e3o Profissional: Atual Modelo e Demandas Futuras; e<br \/>\nA Participa\u00e7\u00e3o do Profissional na Elabora\u00e7\u00e3o de um Projeto de Pa\u00eds com Desenvolvimento Sustent\u00e1vel. Na oportunidade, tamb\u00e9m ser\u00e3o escolhidos os delegados que participar\u00e3o do 6\u00ba Congresso Nacional de Profissionais (CNP).<\/p>\n<p>O 6\u00ba CEP acontecer\u00e1 no Pal\u00e1cio Henrique de La Rocque e simultaneamente nos Escrit\u00f3rios P\u00f3los da Univima de A\u00e7ail\u00e2ndia, Brejo(Chapadinha), Caxias, Cod\u00f3, Imperatriz, Pedreiras, Porto Franco, Pinheiro e Santa In\u00eas, onde, coincidentemente est\u00e3o tamb\u00e9m instaladas as 12 Inspetorias Regionais do Conselho; na Universidade Estadual do Maranh\u00e3o (Uema), por meio do seu Centro Integrado de Educa\u00e7\u00e3o de Colinas &#8211; CINEC &#8211; (P\u00f3lo de Colinas &#8211; Presidente Dutra) e Centro de Estudos Superiores de Timon (P\u00f3lo de Timon), Centro de Estudos Superiores de Bacabal (P\u00f3lo de Bacabal) e Centro de Estudos Superiores de Balsas (P\u00f3lo de Balsas).<\/p>\n<p>Fonte:Crea-MA<\/p>\n","protected":false},"excerpt":{"rendered":"<p>O Conselho Regional de Engenharia, Arquitetura e Agronomia do Maranh\u00e3o (Crea-MA) vai promover, dias 12 e 13 de abril, numa parceria com o Governo do Estado, por meio da Universidade Virtual do Maranh\u00e3o (Univima), um treinamento t\u00e9cnico aos seus Inspetores e funcion\u00e1rios regionais. O objetivo \u00e9 realizar em 19 e 20 de abril, do 6\u00ba [&hellip;]<\/p>\n","protected":false},"author":1,"featured_media":0,"comment_status":"open","ping_status":"open","sticky":false,"template":"","format":"standard","meta":{"footnotes":""},"categories":[1],"tags":[],"class_list":["post-6854","post","type-post","status-publish","format-standard","hentry","category-noticias"],"acf":[],"_links":{"self":[{"href":"https:\/\/www.crea-mt.org.br\/portal\/wp-json\/wp\/v2\/posts\/6854","targetHints":{"allow":["GET"]}}],"collection":[{"href":"https:\/\/www.crea-mt.org.br\/portal\/wp-json\/wp\/v2\/posts"}],"about":[{"href":"https:\/\/www.crea-mt.org.br\/portal\/wp-json\/wp\/v2\/types\/post"}],"author":[{"embeddable":true,"href":"https:\/\/www.crea-mt.org.br\/portal\/wp-json\/wp\/v2\/users\/1"}],"replies":[{"embeddable":true,"href":"https:\/\/www.crea-mt.org.br\/portal\/wp-json\/wp\/v2\/comments?post=6854"}],"version-history":[{"count":0,"href":"https:\/\/www.crea-mt.org.br\/portal\/wp-json\/wp\/v2\/posts\/6854\/revisions"}],"wp:attachment":[{"href":"https:\/\/www.crea-mt.org.br\/portal\/wp-json\/wp\/v2\/media?parent=6854"}],"wp:term":[{"taxonomy":"category","embeddable":true,"href":"https:\/\/www.crea-mt.org.br\/portal\/wp-json\/wp\/v2\/categories?post=6854"},{"taxonomy":"post_tag","embeddable":true,"href":"https:\/\/www.crea-mt.org.br\/portal\/wp-json\/wp\/v2\/tags?post=6854"}],"curies":[{"name":"wp","href":"https:\/\/api.w.org\/{rel}","templated":true}]}}