{"id":6853,"date":"2007-04-09T00:00:00","date_gmt":"2007-04-09T03:00:00","guid":{"rendered":"https:\/\/crea-mt.org.br\/portal\/lula-agradece-controladores-por-tranquilidade-em-aeroportos\/"},"modified":"2007-04-09T00:00:00","modified_gmt":"2007-04-09T03:00:00","slug":"lula-agradece-controladores-por-tranquilidade-em-aeroportos","status":"publish","type":"post","link":"https:\/\/www.crea-mt.org.br\/portal\/lula-agradece-controladores-por-tranquilidade-em-aeroportos\/","title":{"rendered":"Lula agradece controladores por tranq\u00fcilidade em aeroportos"},"content":{"rendered":"<p>Fonte:Folha Online<\/p>\n<p>O presidente Luiz In\u00e1cio Lula da Silva agradeceu nesta segunda-feira os controladores de tr\u00e1fego a\u00e9reo pela tranq\u00fcilidade verificada nos aeroportos neste feriado prolongado de P\u00e1scoa. Ontem, dos 1.202 v\u00f4os programados at\u00e9 as 19h, somente 66 &#8211;o equivalente a 5,5%&#8211; registravam atrasos de mais de uma hora. Outros 18 (1,5%) tinham sido cancelados.<\/p>\n<p>&#8220;Eu acho que todo mundo que viajou na P\u00e1scoa deve ter visto nos aeroportos que as coisas est\u00e3o tranq\u00fcilas e \u00e9 assim que precisa ser. Eu quero agradecer, portanto, a todos que contribu\u00edram para que a gente tivesse uma P\u00e1scoa de tranq\u00fcilidade&#8221;, disse Lula hoje no programa semana de r\u00e1dio &#8220;Caf\u00e9 com o Presidente&#8221;.<\/p>\n<p>Segundo o presidente, a tranq\u00fcilidade dos aeroportos \u00e9 resultado de uma rela\u00e7\u00e3o honesta entre o governo, a sociedade e os controladores. &#8220;Finalmente os nossos aeroportos est\u00e3o tranq\u00fcilos numa demonstra\u00e7\u00e3o de que uma rela\u00e7\u00e3o honesta e sincera entre governo e a sociedade brasileira e os controladores, ou seja, permitiu que o bom senso reinasse no nosso meio. Estou feliz com isso.&#8221;<\/p>\n<p>Antes do feriado de P\u00e1scoa come\u00e7ar, o presidente j\u00e1 havia dito que o problema nos aeroportos iria acabar. &#8220;Eu estou confiante e estou certo de que todo mundo que est\u00e1 envolvido com a quest\u00e3o dos aeroportos est\u00e1 de prontid\u00e3o para que a gente n\u00e3o permita que haja mais sofrimento&#8221;, afirmou na quarta-feira passada.<\/p>\n<p>Perd\u00e3o<\/p>\n<p>Na quinta-feira (5), a ABCTA (Associa\u00e7\u00e3o Brasileira dos Controladores de Tr\u00e1fego A\u00e9reo), entidade que representa os controladores de v\u00f4o militares, pediu &#8216;perd\u00e3o \u00e0 sociedade brasileira&#8217; pelo motim realizado do \u00faltimo dia 30, que provocou a paralisa\u00e7\u00e3o do tr\u00e1fego a\u00e9reo em todo o pa\u00eds.<\/p>\n<p>&#8220;Que o dia 30 de mar\u00e7o seja lembrado como &#8216;um grito de socorro dos Controladores de Tr\u00e1fego A\u00e9reo&#8217; e n\u00e3o como uma simples rebeli\u00e3o de militares. Pedimos perd\u00e3o \u00e0 sociedade brasileira e paz para voltarmos a executar com maestria nosso trabalho&#8221;, afirma a ABCTA, em nota divulgada no site da entidade.<\/p>\n","protected":false},"excerpt":{"rendered":"<p>Fonte:Folha Online O presidente Luiz In\u00e1cio Lula da Silva agradeceu nesta segunda-feira os controladores de tr\u00e1fego a\u00e9reo pela tranq\u00fcilidade verificada nos aeroportos neste feriado prolongado de P\u00e1scoa. Ontem, dos 1.202 v\u00f4os programados at\u00e9 as 19h, somente 66 &#8211;o equivalente a 5,5%&#8211; registravam atrasos de mais de uma hora. Outros 18 (1,5%) tinham sido cancelados. &#8220;Eu [&hellip;]<\/p>\n","protected":false},"author":1,"featured_media":0,"comment_status":"open","ping_status":"open","sticky":false,"template":"","format":"standard","meta":{"footnotes":""},"categories":[1],"tags":[],"class_list":["post-6853","post","type-post","status-publish","format-standard","hentry","category-noticias"],"acf":[],"_links":{"self":[{"href":"https:\/\/www.crea-mt.org.br\/portal\/wp-json\/wp\/v2\/posts\/6853","targetHints":{"allow":["GET"]}}],"collection":[{"href":"https:\/\/www.crea-mt.org.br\/portal\/wp-json\/wp\/v2\/posts"}],"about":[{"href":"https:\/\/www.crea-mt.org.br\/portal\/wp-json\/wp\/v2\/types\/post"}],"author":[{"embeddable":true,"href":"https:\/\/www.crea-mt.org.br\/portal\/wp-json\/wp\/v2\/users\/1"}],"replies":[{"embeddable":true,"href":"https:\/\/www.crea-mt.org.br\/portal\/wp-json\/wp\/v2\/comments?post=6853"}],"version-history":[{"count":0,"href":"https:\/\/www.crea-mt.org.br\/portal\/wp-json\/wp\/v2\/posts\/6853\/revisions"}],"wp:attachment":[{"href":"https:\/\/www.crea-mt.org.br\/portal\/wp-json\/wp\/v2\/media?parent=6853"}],"wp:term":[{"taxonomy":"category","embeddable":true,"href":"https:\/\/www.crea-mt.org.br\/portal\/wp-json\/wp\/v2\/categories?post=6853"},{"taxonomy":"post_tag","embeddable":true,"href":"https:\/\/www.crea-mt.org.br\/portal\/wp-json\/wp\/v2\/tags?post=6853"}],"curies":[{"name":"wp","href":"https:\/\/api.w.org\/{rel}","templated":true}]}}