{"id":6852,"date":"2007-04-09T00:00:00","date_gmt":"2007-04-09T03:00:00","guid":{"rendered":"https:\/\/crea-mt.org.br\/portal\/governo-da-floresta-mantem-pessimos-indicadores-socioeconomicos-e-ambientais\/"},"modified":"2007-04-09T00:00:00","modified_gmt":"2007-04-09T03:00:00","slug":"governo-da-floresta-mantem-pessimos-indicadores-socioeconomicos-e-ambientais","status":"publish","type":"post","link":"https:\/\/www.crea-mt.org.br\/portal\/governo-da-floresta-mantem-pessimos-indicadores-socioeconomicos-e-ambientais\/","title":{"rendered":"&#8220;Governo da Floresta&#8221; mant\u00e9m p\u00e9ssimos indicadores socioecon\u00f4micos e ambientais"},"content":{"rendered":"<p>Fonte: Amazonia.org.br <\/p>\n<p>Governador Binho Marques quer adotar \u00cdndice de Desenvolvimento da Fam\u00edlia (IDF), com 48 indicadores, para identificar problemas da pobreza<\/p>\n<p>As duas gest\u00f5es consecutivas do petista Jorge Viana (1999-2006) \u00e0 frente do &#8220;Governo da Floresta&#8221;, no Acre, n\u00e3o foram capazes de melhorar a posi\u00e7\u00e3o do Estado em rela\u00e7\u00e3o aos &#8220;Objetivos de Desenvolvimento do Mil\u00eanio&#8221;, estabelecidos pela ONU em 2000. Essa \u00e9 a constata\u00e7\u00e3o que se faz a partir da leitura do estudo in\u00e9dito &#8220;A Amaz\u00f4nia e os Objetivos do Mil\u00eanio&#8221;, de Danielle Celentano e Adalberto Ver\u00edsimo, ambos do Instituto do Homem e Meio Ambiente (Imazon), que usaram 17 indicadores para medir o progresso da regi\u00e3o em rela\u00e7\u00e3o \u00e0s metas propostas para 2015.<\/p>\n<p>Viana foi eleito para o primeiro mandato a partir de cr\u00edticas severas ao desempenho de seus antecessores por conta das condi\u00e7\u00f5es ambientais e socioecon\u00f4micas (pobreza, educa\u00e7\u00e3o, sa\u00fade, desigualdade entre os g\u00eaneros, mortalidade infantil e materna) do Acre. Uma das primeiras a\u00e7\u00f5es do governo foi a formula\u00e7\u00e3o do Zoneamento Ecol\u00f3gico Econ\u00f4mico (ZEE), estudo pormenorizado sobre o contexto social, ambiental, pol\u00edtico e econ\u00f4mico da regi\u00e3o, que orientaria ent\u00e3o o projeto de desenvolvimento sustent\u00e1vel do Acre.<\/p>\n<p>Por\u00e9m, desde janeiro, parte do governo do Acre est\u00e1 empenhada, sob a lideran\u00e7a do senador Ti\u00e3o Viana (PT), na defesa do projeto de prospec\u00e7\u00e3o de petr\u00f3leo e g\u00e1s na fronteira com a Bol\u00edvia e o Peru, onde est\u00e3o nascentes de rios, tribos de \u00edndios isolados e o Parque Nacional da Serra do Divisor, considerado um dos locais mais biodiversos da Amaz\u00f4nia brasileira. O ZEE e o projeto de petr\u00f3leo e g\u00e1s n\u00e3o preveem um ao outro.<\/p>\n<p>Al\u00e9m disso, os \u00faltimos oito anos, vide o exemplo do ZEE, podem estar revelando algo importante: o descompasso entre o planejamento de gabinete e a realidade impiedosamente din\u00e2mica, que faz com que os problemas sociais sejam muito mais complexos e dif\u00edceis de serem controlados por medidas isoladas ou paliativas.<\/p>\n<p>Seguindo a tend\u00eancia amaz\u00f4nica, a situa\u00e7\u00e3o no Acre permanece cr\u00edtica no caso da pobreza, da incid\u00eancia de mal\u00e1ria, da mortalidade materna e do acesso da popula\u00e7\u00e3o \u00e0 \u00e1gua e esgoto. Al\u00e9m disso, dois indicadores pioraram entre 1990 e 2005: \u00e1rea desmatada e casos de Aids. A propor\u00e7\u00e3o da popula\u00e7\u00e3o em condi\u00e7\u00f5es de extrema pobreza persiste elevada na Amaz\u00f4nia, sendo que aumentou no Acre, Amazonas, Amap\u00e1 e Rond\u00f4nia no per\u00edodo de 1990 e 2005. No Acre, o aumento foi de 3%. A porcentagem da popula\u00e7\u00e3o abaixo da linha da pobreza tamb\u00e9m aumentou no Acre, passando de 43% para 49%.<\/p>\n<p>Os pesquisadores do Imazon ponderam que a pobreza precisa ser avaliada de forma multidimensional, uma vez que varia n\u00e3o somente de acordo com as condi\u00e7\u00f5es econ\u00f4micas, mas tamb\u00e9m com fatores culturais, geogr\u00e1ficos e ambientais. Indicadores exclusivamente monet\u00e1rios podem n\u00e3o refletir o real &#8220;bem-estar&#8221; da popula\u00e7\u00e3o.<\/p>\n<p>A pobreza \u00e9 considerada um indicador de dif\u00edcil medi\u00e7\u00e3o direta, sobretudo em grande escala. Na Amaz\u00f4nia vivem popula\u00e7\u00f5es tradicionais e ind\u00edgenas que obt\u00eam sua subsist\u00eancia da pr\u00f3pria floresta e dos rios por meio do extrativismo (frutos, pesca ou ca\u00e7a). &#8220;Dessa forma, o bem-estar dessas popula\u00e7\u00f5es depende n\u00e3o apenas da renda, mas tamb\u00e9m da abund\u00e2ncia e do acesso aos recursos naturais e de sua capacidade e condi\u00e7\u00f5es para manej\u00e1-los&#8221;, assinala Danielle Celentano.<\/p>\n<p>O Acre aparece como um dos estados mais distantes de cumprir o objetivo de erradicar pobreza e fome pela metade. Existe 41% da popula\u00e7\u00e3o acreana com inseguran\u00e7a alimentar (grave ou moderada), sendo superado apenas por Maranh\u00e3o (50%) e Roraima (52). Mantida a atual taxa de redu\u00e7\u00e3o, a Amaz\u00f4nia atingir\u00e1 a meta somente em 2023.<\/p>\n<p>Fundamental para o desenvolvimento das na\u00e7\u00f5es e para a redu\u00e7\u00e3o das desigualdades, a educa\u00e7\u00e3o continua sendo um problema. No Acre e no Par\u00e1 n\u00e3o houve redu\u00e7\u00e3o do analfabetismo. Nos demais estados o analfabetismo foi reduzido, com destaque para o Marnh\u00e3o, onde foi registrada uma queda expressiva de 16%.<\/p>\n<p>Vale a pena destacar que, em 2004, a popula\u00e7\u00e3o rural da Amaz\u00f4nia apresentava taxa de analfabetismo superior \u00e0s \u00e1reas urbanas. Naquele ano, 22% da popula\u00e7\u00e3o rural era analfabeta, contra 10% da popula\u00e7\u00e3o urbana. Maranh\u00e3o e Acre tinham mais de 30% da popula\u00e7\u00e3o rural analfabeta.<\/p>\n<p>O Acre aparece bem, junto com Mato Grosso e Rond\u00f4nia, entre os estados com menor mortalidade infantil at\u00e9 1 ano de vida. Houve uma queda de 12%, no per\u00edodo de 1991 a 2000. No mesmo per\u00edodo tamb\u00e9m caiu, de 51% para 34%, a mortalidade infantil at\u00e9 15 anos, o que faz o Acre aparecer bem classificado, ao lado do Mato Grosso.<\/p>\n<p>Na Amaz\u00f4nia, 13% das mulheres entre 15 e 17 anos j\u00e1 possuem filhos. No Brasil, em m\u00e9dia 8% das mulheres nessa idade s\u00e3o m\u00e3es. O Acre \u00e9 o Estado brasileiro com a maior propor\u00e7\u00e3o de adolescentes m\u00e3es do Brasil (17%). Entre as meninas de 10 a 14 anos, 0,7% delas s\u00e3o m\u00e3es na Amaz\u00f4nia &#8211; valor 0,3% maior que m\u00e9dia brasileira.<\/p>\n<p>Em rela\u00e7\u00e3o ao objetivo de garantir sustentabilidade ambiental, o Acre (50%) est\u00e1 entre os Estados da Amaz\u00f4nia que apresentaram os piores \u00edndices de abastecimento de \u00e1gua. O Mato Grosso j\u00e1 atingiu tr\u00eas metas do mil\u00eanio, o Maranh\u00e3o atingiu duas, enquanto o Par\u00e1, Amap\u00e1, Roraima e Tocantins atingiram uma meta. Por outro lado, o Acre, Amazonas e Rond\u00f4nia ainda n\u00e3o atingiram nenhuma meta estabelecida pela ONU.<\/p>\n<p>IDF<br \/>\nA reportagem do Amaz\u00f4nia tentou ouvir o governo do Acre desde a semana passada. O jornalista Itaan Arruda, assessor de imprensa de Binho Marques, sucessor de Jorge Viana, disse que o estudo do Imazon seria avaliado pela equipe de governo. &#8220;Vamos nos manifestar ap\u00f3s essa avalia\u00e7\u00e3o&#8221;.<\/p>\n<p>Embora os indicadores da ONU tenham sido usados fartamente quando o PT era oposi\u00e7\u00e3o no Acre, passaram a ser contestados desde que o partido assumiu o governo. Em janeiro, durante a posse, o governador Binho Marques disse que vai trabalhar baseado no \u00cdndice de Desenvolvimento da Fam\u00edlia (IDF), que, distribu\u00eddo em 48 indicadores, poder\u00e1 permitir identificar com precis\u00e3o os problemas das fam\u00edlias pobres em cada um dos 22 munic\u00edpios.<\/p>\n<p>&#8220;Com esse sistema, teremos capacidade para visualizar o problema com o nome e o endere\u00e7o de cada fam\u00edlia em condi\u00e7\u00e3o de vulnerabilidade social. Ser\u00e1 a partir deste instrumento que o nosso governo vai realizar os pactos com as prefeituras, fazendo uma vincula\u00e7\u00e3o dos desafios espec\u00edficos de cada munic\u00edpio para alcan\u00e7ar um desenvolvimento regional sustent\u00e1vel&#8221;, afirmou Marques.<\/p>\n<p>O governador tem afirmado reiteradas vezes que o Acre, ao t\u00e9rmino de sua gest\u00e3o, em 2010, ser\u00e1 o melhor lugar para viver na Amaz\u00f4nia.<\/p>\n","protected":false},"excerpt":{"rendered":"<p>Fonte: Amazonia.org.br Governador Binho Marques quer adotar \u00cdndice de Desenvolvimento da Fam\u00edlia (IDF), com 48 indicadores, para identificar problemas da pobreza As duas gest\u00f5es consecutivas do petista Jorge Viana (1999-2006) \u00e0 frente do &#8220;Governo da Floresta&#8221;, no Acre, n\u00e3o foram capazes de melhorar a posi\u00e7\u00e3o do Estado em rela\u00e7\u00e3o aos &#8220;Objetivos de Desenvolvimento do Mil\u00eanio&#8221;, [&hellip;]<\/p>\n","protected":false},"author":1,"featured_media":0,"comment_status":"open","ping_status":"open","sticky":false,"template":"","format":"standard","meta":{"footnotes":""},"categories":[1],"tags":[],"class_list":["post-6852","post","type-post","status-publish","format-standard","hentry","category-noticias"],"acf":[],"_links":{"self":[{"href":"https:\/\/www.crea-mt.org.br\/portal\/wp-json\/wp\/v2\/posts\/6852","targetHints":{"allow":["GET"]}}],"collection":[{"href":"https:\/\/www.crea-mt.org.br\/portal\/wp-json\/wp\/v2\/posts"}],"about":[{"href":"https:\/\/www.crea-mt.org.br\/portal\/wp-json\/wp\/v2\/types\/post"}],"author":[{"embeddable":true,"href":"https:\/\/www.crea-mt.org.br\/portal\/wp-json\/wp\/v2\/users\/1"}],"replies":[{"embeddable":true,"href":"https:\/\/www.crea-mt.org.br\/portal\/wp-json\/wp\/v2\/comments?post=6852"}],"version-history":[{"count":0,"href":"https:\/\/www.crea-mt.org.br\/portal\/wp-json\/wp\/v2\/posts\/6852\/revisions"}],"wp:attachment":[{"href":"https:\/\/www.crea-mt.org.br\/portal\/wp-json\/wp\/v2\/media?parent=6852"}],"wp:term":[{"taxonomy":"category","embeddable":true,"href":"https:\/\/www.crea-mt.org.br\/portal\/wp-json\/wp\/v2\/categories?post=6852"},{"taxonomy":"post_tag","embeddable":true,"href":"https:\/\/www.crea-mt.org.br\/portal\/wp-json\/wp\/v2\/tags?post=6852"}],"curies":[{"name":"wp","href":"https:\/\/api.w.org\/{rel}","templated":true}]}}