{"id":6851,"date":"2007-04-09T00:00:00","date_gmt":"2007-04-09T03:00:00","guid":{"rendered":"https:\/\/crea-mt.org.br\/portal\/novo-relatorio-da-onu-indica-maior-possibilidade-de-secas-e-extincao-de-especies\/"},"modified":"2007-04-09T00:00:00","modified_gmt":"2007-04-09T03:00:00","slug":"novo-relatorio-da-onu-indica-maior-possibilidade-de-secas-e-extincao-de-especies","status":"publish","type":"post","link":"https:\/\/www.crea-mt.org.br\/portal\/novo-relatorio-da-onu-indica-maior-possibilidade-de-secas-e-extincao-de-especies\/","title":{"rendered":"Novo relat\u00f3rio da ONU indica maior possibilidade de secas e extin\u00e7\u00e3o de esp\u00e9cies"},"content":{"rendered":"<p>Fonte: Amazonia.org.br <\/p>\n<p>O segundo relat\u00f3rio de 2007, apresentado nessa manh\u00e3 em Bruxelas, B\u00e9lgica, pelo Painel Intergovernamental sobre Mudan\u00e7as Clim\u00e1ticas (IPCC &#8211; na sigla em ingl\u00eas) refor\u00e7a a posi\u00e7\u00e3o dos cientistas a respeito dos poss\u00edveis impactos do aquecimento global, evidenciado pelo aumento na ocorr\u00eancia de eventos clim\u00e1ticos extremos, como secas e tempestades em todo o mundo. <\/p>\n<p>Durante a apresenta\u00e7\u00e3o do documento, os pesquisadores comentaram as previs\u00f5es feitas pelos cientistas a respeito dos impactos dos eventos clim\u00e1ticos  sobre a vida. Ressaltaram a possibilidade de futura escassez de \u00e1gua e alimentos,  al\u00e9m da extin\u00e7\u00e3o de um ter\u00e7o das esp\u00e9cies animais do planeta nos pr\u00f3ximos cem anos.<br \/>\nO novo relat\u00f3rio, intitulado &#8220;Impactos, adapta\u00e7\u00e3o e vulnerabilidade&#8221;, estima os poss\u00edveis efeitos de um aumento entre 1,8\u00ba e 4\u00ba celsius sobre a temperatura m\u00e9dia do planeta na d\u00e9cada de 80 (varia\u00e7\u00e3o apresentada no primeiro relat\u00f3rio do IPCC desse ano). Desde a \u00faltima segunda-feira, representantes de 120 pa\u00edses estiveram envolvidos na discuss\u00e3o sobre o documento, elaborado por cientistas para dar origem ao chamado &#8220;Summary for Policymakers&#8221; &#8211; guia cient\u00edfico-pr\u00e1tico para agentes pol\u00edticos em todo o mundo.<\/p>\n<p>O documento analisou os impactos do aquecimento sobre os seguintes aspectos: disponibilidade de \u00e1gua doce no planeta, ecossistemas e suas propriedades, produ\u00e7\u00e3o e disponibilidade de alimentos e produtos agr\u00edcolas, \u00e1reas costeiras e abaixo do n\u00edvel do mar, ind\u00fastria de base e sociedade e sa\u00fade humana.<\/p>\n<p>Tamb\u00e9m foram analisados os efeitos das mudan\u00e7as clim\u00e1ticas regionalmente. Est\u00e1 se firmando entre os estudiosos a previs\u00e3o de que as popula\u00e7\u00f5es pobres ser\u00e3o as mais atingidas pelas mudan\u00e7as, uma vez que est\u00e3o normalmente estabelecidas em \u00e1reas de risco e t\u00eam menor capacidade de adapta\u00e7\u00e3o frente a quaisquer mudan\u00e7a dr\u00e1stica.<\/p>\n<p>No final da apresenta\u00e7\u00e3o, Osvaldo Canziani e Martin Parry, cientistas e diretores do Painel Intergovernamental, reafirmaram a preocupa\u00e7\u00e3o especial das Na\u00e7\u00f5es Unidas com a \u00c1sia, onde se espera a forma\u00e7\u00e3o de um contingente de cerca de 1 bilh\u00e3o de refugiados ambientais ainda neste s\u00e9culo.<\/p>\n<p>Amaz\u00f4nia<\/p>\n<p>O relat\u00f3rio apresentado hoje pelo IPCC reafirma os progn\u00f3sticos feitos pelos cientistas brasileiros a respeito da Amaz\u00f4nia, especialmente sobre o impacto da temperatura sobre sua biodiversidade e sobre a altera\u00e7\u00e3o clim\u00e1tica na regi\u00e3o. <\/p>\n<p>Durante a divulga\u00e7\u00e3o do documento foi exposta a teoria de que, desde o M\u00e9xico at\u00e9 a regi\u00e3o amaz\u00f4nica, devem se intensificar os per\u00edodos de secas. Na Amaz\u00f4nia, especialmente, essa mudan\u00e7a brusca na pluviosidade pode comprometer completamente o ciclo de vida de todo o ecossistema e seu delicado equil\u00edbrio.<\/p>\n<p>Na an\u00e1lise sobre os ecossistemas, o relat\u00f3rio indica a possibilidade de extin\u00e7\u00e3o de aproximadamente 30% de todas as esp\u00e9cies vivas do planeta.<\/p>\n","protected":false},"excerpt":{"rendered":"<p>Fonte: Amazonia.org.br O segundo relat\u00f3rio de 2007, apresentado nessa manh\u00e3 em Bruxelas, B\u00e9lgica, pelo Painel Intergovernamental sobre Mudan\u00e7as Clim\u00e1ticas (IPCC &#8211; na sigla em ingl\u00eas) refor\u00e7a a posi\u00e7\u00e3o dos cientistas a respeito dos poss\u00edveis impactos do aquecimento global, evidenciado pelo aumento na ocorr\u00eancia de eventos clim\u00e1ticos extremos, como secas e tempestades em todo o mundo. [&hellip;]<\/p>\n","protected":false},"author":1,"featured_media":0,"comment_status":"open","ping_status":"open","sticky":false,"template":"","format":"standard","meta":{"footnotes":""},"categories":[1],"tags":[],"class_list":["post-6851","post","type-post","status-publish","format-standard","hentry","category-noticias"],"acf":[],"_links":{"self":[{"href":"https:\/\/www.crea-mt.org.br\/portal\/wp-json\/wp\/v2\/posts\/6851","targetHints":{"allow":["GET"]}}],"collection":[{"href":"https:\/\/www.crea-mt.org.br\/portal\/wp-json\/wp\/v2\/posts"}],"about":[{"href":"https:\/\/www.crea-mt.org.br\/portal\/wp-json\/wp\/v2\/types\/post"}],"author":[{"embeddable":true,"href":"https:\/\/www.crea-mt.org.br\/portal\/wp-json\/wp\/v2\/users\/1"}],"replies":[{"embeddable":true,"href":"https:\/\/www.crea-mt.org.br\/portal\/wp-json\/wp\/v2\/comments?post=6851"}],"version-history":[{"count":0,"href":"https:\/\/www.crea-mt.org.br\/portal\/wp-json\/wp\/v2\/posts\/6851\/revisions"}],"wp:attachment":[{"href":"https:\/\/www.crea-mt.org.br\/portal\/wp-json\/wp\/v2\/media?parent=6851"}],"wp:term":[{"taxonomy":"category","embeddable":true,"href":"https:\/\/www.crea-mt.org.br\/portal\/wp-json\/wp\/v2\/categories?post=6851"},{"taxonomy":"post_tag","embeddable":true,"href":"https:\/\/www.crea-mt.org.br\/portal\/wp-json\/wp\/v2\/tags?post=6851"}],"curies":[{"name":"wp","href":"https:\/\/api.w.org\/{rel}","templated":true}]}}