{"id":6848,"date":"2007-04-09T00:00:00","date_gmt":"2007-04-09T03:00:00","guid":{"rendered":"https:\/\/crea-mt.org.br\/portal\/mineradora-da-vale-provoca-caos-em-municipio-paraense\/"},"modified":"2007-04-09T00:00:00","modified_gmt":"2007-04-09T03:00:00","slug":"mineradora-da-vale-provoca-caos-em-municipio-paraense","status":"publish","type":"post","link":"https:\/\/www.crea-mt.org.br\/portal\/mineradora-da-vale-provoca-caos-em-municipio-paraense\/","title":{"rendered":"Mineradora da Vale provoca caos em munic\u00edpio paraense"},"content":{"rendered":"<p>Fonte: Amazonia.org.br <\/p>\n<p>Em meados de mar\u00e7o, o prefeito da pequena cidade de Tucum\u00e3, no sudeste paraense, decretou estado de emerg\u00eancia em todo territ\u00f3rio municipal, alegando &#8220;a deteriora\u00e7\u00e3o das condi\u00e7\u00f5es de governabilidade e sustentabilidade&#8221;.  A medida n\u00e3o guarda rela\u00e7\u00e3o com queimadas ou enchentes, mas com uma espantosa press\u00e3o populacional que se abateu sobre o munic\u00edpio desde agosto de 2006.  A mineradora On\u00e7a Puma, empresa controlada pela Companhia Vale do Rio Doce, opera no munic\u00edpio desde ent\u00e3o extraindo ferro-n\u00edquel e atraindo milhares de pessoas em busca de emprego.<\/p>\n<p>&#8220;Com certeza mais de dez mil pessoas j\u00e1 vieram pra c\u00e1.  E continua aumentando.  N\u00e3o h\u00e1 mais vagas nos hot\u00e9is, nem casas para alugar&#8221;, disse o prefeito Alan Azevedo ao site Amaz\u00f4nia.  Segundo os c\u00e1lculos de Azevedo, o empreendimento j\u00e1 criou mais de 1800 postos de trabalho.  O que poderia ser motivo de comemora\u00e7\u00e3o para uma localidade com poucos recursos traz graves efeitos colaterais enquanto o contingente de migrantes \u00e9 muito maior do que o munic\u00edpio pode comportar.<\/p>\n<p>O resultado, segundo a prefeitura, \u00e9 degrada\u00e7\u00e3o de ruas e avenidas, invas\u00e3o e grilagem de terras p\u00fablicas, precariza\u00e7\u00e3o dos servi\u00e7os do munic\u00edpio como educa\u00e7\u00e3o e sa\u00fade, aumento do tr\u00e1fico de drogas e prostitui\u00e7\u00e3o infanto-juvenil.  Some-se a isso o fato de que Tucum\u00e3 conta apenas com sete policiais militares, nenhum viatura, e uma delegacia degradada que vem ocasionando a fuga de prisioneiros.<\/p>\n<p>Procurada pelo site Amaz\u00f4nia, a assessoria da Vale do Rio Doce n\u00e3o conseguiu designar um porta-voz para comentar o assunto at\u00e9 o fechamento desta reportagem.  As informa\u00e7\u00f5es s\u00e3o de que empresa e prefeitura est\u00e3o em negocia\u00e7\u00e3o, mas pouco se avan\u00e7ou al\u00e9m da promessa, por parte da Vale, de realizar estudos complementares de impacto ambiental.<\/p>\n<p>Ironicamente, a cidade anda \u00e0s turras com o Instituto Brasileiro de Geografia e Estat\u00edstica (IBGE) devido a uma estimativa populacional defasada (para menos) em 2006.  O dado, oficial, acarretou uma redu\u00e7\u00e3o dos repasses do Sistema \u00danico de Sa\u00fade (SUS) e do Fundo de Participa\u00e7\u00e3o dos Munic\u00edpios (FPM).  Da mineradora On\u00e7a Puma, a 17 km do centro da cidade, Tucum\u00e3 n\u00e3o recebe nada na forma de impostos ou royalties.<\/p>\n<p>&#8220;Precisamos ser compensados pelos impactos econ\u00f4micos, sociais e ambientais&#8221;, defendeu Azevedo.  Ontem, um equipe da Defesa Civil do estadual deixou o munic\u00edpio ap\u00f3s dois dias de inspe\u00e7\u00e3o, cujos resultados devem levar \u00e0 homologa\u00e7\u00e3o do decreto de estado de emerg\u00eancia pela governadora, Ana J\u00falia Carepa.<\/p>\n","protected":false},"excerpt":{"rendered":"<p>Fonte: Amazonia.org.br Em meados de mar\u00e7o, o prefeito da pequena cidade de Tucum\u00e3, no sudeste paraense, decretou estado de emerg\u00eancia em todo territ\u00f3rio municipal, alegando &#8220;a deteriora\u00e7\u00e3o das condi\u00e7\u00f5es de governabilidade e sustentabilidade&#8221;. A medida n\u00e3o guarda rela\u00e7\u00e3o com queimadas ou enchentes, mas com uma espantosa press\u00e3o populacional que se abateu sobre o munic\u00edpio desde [&hellip;]<\/p>\n","protected":false},"author":1,"featured_media":0,"comment_status":"open","ping_status":"open","sticky":false,"template":"","format":"standard","meta":{"footnotes":""},"categories":[1],"tags":[],"class_list":["post-6848","post","type-post","status-publish","format-standard","hentry","category-noticias"],"acf":[],"_links":{"self":[{"href":"https:\/\/www.crea-mt.org.br\/portal\/wp-json\/wp\/v2\/posts\/6848","targetHints":{"allow":["GET"]}}],"collection":[{"href":"https:\/\/www.crea-mt.org.br\/portal\/wp-json\/wp\/v2\/posts"}],"about":[{"href":"https:\/\/www.crea-mt.org.br\/portal\/wp-json\/wp\/v2\/types\/post"}],"author":[{"embeddable":true,"href":"https:\/\/www.crea-mt.org.br\/portal\/wp-json\/wp\/v2\/users\/1"}],"replies":[{"embeddable":true,"href":"https:\/\/www.crea-mt.org.br\/portal\/wp-json\/wp\/v2\/comments?post=6848"}],"version-history":[{"count":0,"href":"https:\/\/www.crea-mt.org.br\/portal\/wp-json\/wp\/v2\/posts\/6848\/revisions"}],"wp:attachment":[{"href":"https:\/\/www.crea-mt.org.br\/portal\/wp-json\/wp\/v2\/media?parent=6848"}],"wp:term":[{"taxonomy":"category","embeddable":true,"href":"https:\/\/www.crea-mt.org.br\/portal\/wp-json\/wp\/v2\/categories?post=6848"},{"taxonomy":"post_tag","embeddable":true,"href":"https:\/\/www.crea-mt.org.br\/portal\/wp-json\/wp\/v2\/tags?post=6848"}],"curies":[{"name":"wp","href":"https:\/\/api.w.org\/{rel}","templated":true}]}}