{"id":6847,"date":"2007-04-10T00:00:00","date_gmt":"2007-04-10T03:00:00","guid":{"rendered":"https:\/\/crea-mt.org.br\/portal\/desenvolvimento-regional-e-curriculo-sao-temas-de-debates-do-7o-coesenge-em-rondonia\/"},"modified":"2007-04-10T00:00:00","modified_gmt":"2007-04-10T03:00:00","slug":"desenvolvimento-regional-e-curriculo-sao-temas-de-debates-do-7o-coesenge-em-rondonia","status":"publish","type":"post","link":"https:\/\/www.crea-mt.org.br\/portal\/desenvolvimento-regional-e-curriculo-sao-temas-de-debates-do-7o-coesenge-em-rondonia\/","title":{"rendered":"Desenvolvimento regional e curr\u00edculo s\u00e3o temas de debates do 7\u00ba Coesenge em Rond\u00f4nia"},"content":{"rendered":"<p>O final de maio ser\u00e1 agitado para os engenheiros de Rond\u00f4nia. Paralelamente ao 6\u00ba Congresso Estadual dos Profissionais (6\u00ba CEP), realizado pelo sistema Confea\/Crea, ocorrer\u00e1 o 7\u00ba Congresso Estadual do Sindicato dos Engenheiros (7\u00ba Coesenge). Por este motivo, a coordena\u00e7\u00e3o do Coesenge espera um n\u00famero recorde de participantes. O 6\u00ba CEP tem fun\u00e7\u00e3o de ser evento preparat\u00f3rio para o Congresso Nacional dos Profissionais, chamado de CNP.<\/p>\n<p>Esses encontros ir\u00e3o propiciar aos profissionais e \u00e0 sociedade rondoniense a oportunidade de debater quest\u00f5es amplas de n\u00edvel nacional, como aquelas relacionadas ao Pensar Brasil, at\u00e9 quest\u00f5es relacionadas a forma\u00e7\u00e3o profissional atualizada. <\/p>\n<p>Outros temas a serem desenrolados no 7\u00ba Coesenge s\u00e3o desenvolvimento regional; curr\u00edculo de forma\u00e7\u00e3o dos profissionais da \u00e1rea tecnol\u00f3gica e inclus\u00e3o no mercado de trabalho. O encontro ser\u00e1 realizado nos dias 23, 24 e 26 de maio. O evento deste ano ser\u00e1 aberto com Audi\u00eancia P\u00fablica, que, pela primeira vez, vai reunir num \u00fanico encontro C\u00e2mara de Vereadores de Porto Velho e Assembl\u00e9ia Legislativa de Rond\u00f4nia.<\/p>\n<p>Tamb\u00e9m ser\u00e1 debatida a quest\u00e3o relacionada ao Sal\u00e1rio M\u00ednimo Profissional &#8211; SMP, cuja motiva\u00e7\u00e3o \u00e9 a justa valoriza\u00e7\u00e3o dos profissionais ligados ao sistema Confea\/Crea, representados pelo Senge-RO, quais sejam: Engenheiros, Arquitetos, Agr\u00f4nomos, Ge\u00f3logos, Meteorologistas, Ge\u00f3grafos, Engenheiros Operacionais e Tecn\u00f3logos. Por fim, tamb\u00e9m ser\u00e3o debatidas as vantagens e desvantagens do Programa de Acelera\u00e7\u00e3o do Crescimento &#8211; PAC.<\/p>\n<p>Fonte: TudoRondonia.com.Br<\/p>\n","protected":false},"excerpt":{"rendered":"<p>O final de maio ser\u00e1 agitado para os engenheiros de Rond\u00f4nia. Paralelamente ao 6\u00ba Congresso Estadual dos Profissionais (6\u00ba CEP), realizado pelo sistema Confea\/Crea, ocorrer\u00e1 o 7\u00ba Congresso Estadual do Sindicato dos Engenheiros (7\u00ba Coesenge). Por este motivo, a coordena\u00e7\u00e3o do Coesenge espera um n\u00famero recorde de participantes. O 6\u00ba CEP tem fun\u00e7\u00e3o de ser [&hellip;]<\/p>\n","protected":false},"author":1,"featured_media":0,"comment_status":"open","ping_status":"open","sticky":false,"template":"","format":"standard","meta":{"footnotes":""},"categories":[1],"tags":[],"class_list":["post-6847","post","type-post","status-publish","format-standard","hentry","category-noticias"],"acf":[],"_links":{"self":[{"href":"https:\/\/www.crea-mt.org.br\/portal\/wp-json\/wp\/v2\/posts\/6847","targetHints":{"allow":["GET"]}}],"collection":[{"href":"https:\/\/www.crea-mt.org.br\/portal\/wp-json\/wp\/v2\/posts"}],"about":[{"href":"https:\/\/www.crea-mt.org.br\/portal\/wp-json\/wp\/v2\/types\/post"}],"author":[{"embeddable":true,"href":"https:\/\/www.crea-mt.org.br\/portal\/wp-json\/wp\/v2\/users\/1"}],"replies":[{"embeddable":true,"href":"https:\/\/www.crea-mt.org.br\/portal\/wp-json\/wp\/v2\/comments?post=6847"}],"version-history":[{"count":0,"href":"https:\/\/www.crea-mt.org.br\/portal\/wp-json\/wp\/v2\/posts\/6847\/revisions"}],"wp:attachment":[{"href":"https:\/\/www.crea-mt.org.br\/portal\/wp-json\/wp\/v2\/media?parent=6847"}],"wp:term":[{"taxonomy":"category","embeddable":true,"href":"https:\/\/www.crea-mt.org.br\/portal\/wp-json\/wp\/v2\/categories?post=6847"},{"taxonomy":"post_tag","embeddable":true,"href":"https:\/\/www.crea-mt.org.br\/portal\/wp-json\/wp\/v2\/tags?post=6847"}],"curies":[{"name":"wp","href":"https:\/\/api.w.org\/{rel}","templated":true}]}}