{"id":6846,"date":"2007-04-10T00:00:00","date_gmt":"2007-04-10T03:00:00","guid":{"rendered":"https:\/\/crea-mt.org.br\/portal\/crea-rn-inicia-preparacao-pela-regiao-do-serido\/"},"modified":"2007-04-10T00:00:00","modified_gmt":"2007-04-10T03:00:00","slug":"crea-rn-inicia-preparacao-pela-regiao-do-serido","status":"publish","type":"post","link":"https:\/\/www.crea-mt.org.br\/portal\/crea-rn-inicia-preparacao-pela-regiao-do-serido\/","title":{"rendered":"Crea-RN inicia prepara\u00e7\u00e3o pela regi\u00e3o do Serid\u00f3"},"content":{"rendered":"<p>O Conselho Regional de Engenharia, Arquitetura e Agronomia do Rio Grande do Norte (Crea-RN) inicia esta semana uma s\u00e9rie de eventos regionais, em prepara\u00e7\u00e3o ao 6\u00ba Congresso Estadual dos Profissionais (CEP), previsto para o m\u00eas de maio. A programa\u00e7\u00e3o come\u00e7a na quinta-feira, com o Semin\u00e1rio Regional de Caic\u00f3. As etapas seguintes ser\u00e3o em Mossor\u00f3 e Pau dos Ferros.<\/p>\n<p>O encontro regional vai discutir com os profissionais que atuam no Serid\u00f3 quest\u00f5es correlatas ao tema central &#8220;Pacto Profissional e Social&#8221;. Al\u00e9m disso, ser\u00e3o debatidas as seguintes vertentes: efici\u00eancia e efetividade do Sistema; compromissos \u00e9ticos; demandas s\u00f3cio-econ\u00f4micas locais, regionais, nacionais e mundiais; conscientiza\u00e7\u00e3o profissional sobre a import\u00e2ncia pol\u00edtica, social e \u00e9tica; planejamento e implementa\u00e7\u00e3o de um processo nacional de desenvolvimento sustent\u00e1vel.<\/p>\n<p>Fonte: Di\u00e1rio de Natal<\/p>\n","protected":false},"excerpt":{"rendered":"<p>O Conselho Regional de Engenharia, Arquitetura e Agronomia do Rio Grande do Norte (Crea-RN) inicia esta semana uma s\u00e9rie de eventos regionais, em prepara\u00e7\u00e3o ao 6\u00ba Congresso Estadual dos Profissionais (CEP), previsto para o m\u00eas de maio. A programa\u00e7\u00e3o come\u00e7a na quinta-feira, com o Semin\u00e1rio Regional de Caic\u00f3. As etapas seguintes ser\u00e3o em Mossor\u00f3 e [&hellip;]<\/p>\n","protected":false},"author":1,"featured_media":0,"comment_status":"open","ping_status":"open","sticky":false,"template":"","format":"standard","meta":{"footnotes":""},"categories":[1],"tags":[],"class_list":["post-6846","post","type-post","status-publish","format-standard","hentry","category-noticias"],"acf":[],"_links":{"self":[{"href":"https:\/\/www.crea-mt.org.br\/portal\/wp-json\/wp\/v2\/posts\/6846","targetHints":{"allow":["GET"]}}],"collection":[{"href":"https:\/\/www.crea-mt.org.br\/portal\/wp-json\/wp\/v2\/posts"}],"about":[{"href":"https:\/\/www.crea-mt.org.br\/portal\/wp-json\/wp\/v2\/types\/post"}],"author":[{"embeddable":true,"href":"https:\/\/www.crea-mt.org.br\/portal\/wp-json\/wp\/v2\/users\/1"}],"replies":[{"embeddable":true,"href":"https:\/\/www.crea-mt.org.br\/portal\/wp-json\/wp\/v2\/comments?post=6846"}],"version-history":[{"count":0,"href":"https:\/\/www.crea-mt.org.br\/portal\/wp-json\/wp\/v2\/posts\/6846\/revisions"}],"wp:attachment":[{"href":"https:\/\/www.crea-mt.org.br\/portal\/wp-json\/wp\/v2\/media?parent=6846"}],"wp:term":[{"taxonomy":"category","embeddable":true,"href":"https:\/\/www.crea-mt.org.br\/portal\/wp-json\/wp\/v2\/categories?post=6846"},{"taxonomy":"post_tag","embeddable":true,"href":"https:\/\/www.crea-mt.org.br\/portal\/wp-json\/wp\/v2\/tags?post=6846"}],"curies":[{"name":"wp","href":"https:\/\/api.w.org\/{rel}","templated":true}]}}