{"id":6845,"date":"2007-04-10T00:00:00","date_gmt":"2007-04-10T03:00:00","guid":{"rendered":"https:\/\/crea-mt.org.br\/portal\/encontro-em-ribeirao-preto-sp-debate-acessibilidade\/"},"modified":"2007-04-10T00:00:00","modified_gmt":"2007-04-10T03:00:00","slug":"encontro-em-ribeirao-preto-sp-debate-acessibilidade","status":"publish","type":"post","link":"https:\/\/www.crea-mt.org.br\/portal\/encontro-em-ribeirao-preto-sp-debate-acessibilidade\/","title":{"rendered":"Encontro em Ribeir\u00e3o Preto, SP, debate acessibilidade"},"content":{"rendered":"<p>O acesso, a capacita\u00e7\u00e3o e o mercado de trabalho para portadores de defici\u00eancias especiais ser\u00e3o tema de discuss\u00f5es hoje, 10\/04, \u00e0s 9h, na sede da Associa\u00e7\u00e3o de Engenharia, Arquitetura e Agronomia de Ribeir\u00e3o Preto (Aeaarp).<\/p>\n<p>A palestra faz parte do evento &#8220;As cidades em debate&#8221;, que come\u00e7ou na noite de ontem, 09\/04, e termina na pr\u00f3xima quinta-feira. Tamb\u00e9m ser\u00e3o discutidos temas relacionados a enchentes, tratamento de esgoto, entulho, ao Plano Diretor, entre outros.<\/p>\n<p>Um dos palestrantes desta ter\u00e7a-feira ser\u00e1 Jos\u00e9 Antonio Lanchoti, arquiteto e coordenador do Crea-SP sobre acessibilidade. Ele vai falar como arquitetos e engenheiros lidam com a quest\u00e3o da acessibilidade em cal\u00e7adas e ruas.<\/p>\n<p>Sobre a obrigatoriedade de empresas contratarem portadores de defici\u00eancias fala o delegado do trabalho Paulo Cristino da Silva, da Delegacia do Trabalho de Ribeir\u00e3o Preto. Empresas que tenham entre cem e mil funcion\u00e1rios s\u00e3o obrigadas a contratar de cinco a dez funcion\u00e1rios com defici\u00eancia.<\/p>\n<p>Segundo o presidente da Aeaarp, Wilson Laguna, que transfere o cargo na sexta-feira para Roberto Maestrello, os debates devem ser assistidos por t\u00e9cnicos de Ribeir\u00e3o e regi\u00e3o.<\/p>\n<p>Laguna participa da discuss\u00e3o sobre gest\u00e3o de res\u00edduos de constru\u00e7\u00e3o civil, prevista para o \u00faltimo dia do evento. Foi convidado para essa palestra o arquiteto Tarc\u00edsio de Paula Pinto, do I&amp;T (Informa\u00e7\u00f5es e T\u00e9cnicas em Constru\u00e7\u00e3o Civil) e considerado uma autoridade no assunto.<\/p>\n<p>A solu\u00e7\u00e3o do problema do entulho em Ribeir\u00e3o est\u00e1 na fase inicial. Uma parceria entre o Sinduscon e a Prefeitura foi feita no in\u00edcio de fevereiro com esse objetivo. Esse acordo prev\u00ea v\u00e1rias etapas e inclui educa\u00e7\u00e3o ambiental, defini\u00e7\u00e3o de locais para receber os res\u00edduos, reciclagem e qualifica\u00e7\u00e3o de m\u00e3o-de-obra.<\/p>\n<p>Laguna defende que a conscientiza\u00e7\u00e3o da popula\u00e7\u00e3o se d\u00ea com exibi\u00e7\u00e3o de filmes em locais com bastante freq\u00fc\u00eancia de p\u00fablico. A Prefeitura, segundo ele, vai abrir licita\u00e7\u00e3o para contratar um profissional especializado para coordenar a implanta\u00e7\u00e3o do programa de gest\u00e3o de res\u00edduos de constru\u00e7\u00e3o.<\/p>\n<p>Um representante da Ambient, empresa que trata o esgoto de Ribeir\u00e3o Preto, vai relatar os investimentos necess\u00e1rios para que o tratamento cubra 100% da cidade.<\/p>\n<p>Atualmente, por falta de interceptores de esgotos, o tratamento atinge somente 60% de Ribeir\u00e3o. Ser\u00e3o necess\u00e1rios cerca de R$ 35 milh\u00f5es para garantir a cobertura completa.<\/p>\n<p>Fonte: Gazeta de Ribeir\u00e3o<\/p>\n","protected":false},"excerpt":{"rendered":"<p>O acesso, a capacita\u00e7\u00e3o e o mercado de trabalho para portadores de defici\u00eancias especiais ser\u00e3o tema de discuss\u00f5es hoje, 10\/04, \u00e0s 9h, na sede da Associa\u00e7\u00e3o de Engenharia, Arquitetura e Agronomia de Ribeir\u00e3o Preto (Aeaarp). A palestra faz parte do evento &#8220;As cidades em debate&#8221;, que come\u00e7ou na noite de ontem, 09\/04, e termina na [&hellip;]<\/p>\n","protected":false},"author":1,"featured_media":0,"comment_status":"open","ping_status":"open","sticky":false,"template":"","format":"standard","meta":{"footnotes":""},"categories":[1],"tags":[],"class_list":["post-6845","post","type-post","status-publish","format-standard","hentry","category-noticias"],"acf":[],"_links":{"self":[{"href":"https:\/\/www.crea-mt.org.br\/portal\/wp-json\/wp\/v2\/posts\/6845","targetHints":{"allow":["GET"]}}],"collection":[{"href":"https:\/\/www.crea-mt.org.br\/portal\/wp-json\/wp\/v2\/posts"}],"about":[{"href":"https:\/\/www.crea-mt.org.br\/portal\/wp-json\/wp\/v2\/types\/post"}],"author":[{"embeddable":true,"href":"https:\/\/www.crea-mt.org.br\/portal\/wp-json\/wp\/v2\/users\/1"}],"replies":[{"embeddable":true,"href":"https:\/\/www.crea-mt.org.br\/portal\/wp-json\/wp\/v2\/comments?post=6845"}],"version-history":[{"count":0,"href":"https:\/\/www.crea-mt.org.br\/portal\/wp-json\/wp\/v2\/posts\/6845\/revisions"}],"wp:attachment":[{"href":"https:\/\/www.crea-mt.org.br\/portal\/wp-json\/wp\/v2\/media?parent=6845"}],"wp:term":[{"taxonomy":"category","embeddable":true,"href":"https:\/\/www.crea-mt.org.br\/portal\/wp-json\/wp\/v2\/categories?post=6845"},{"taxonomy":"post_tag","embeddable":true,"href":"https:\/\/www.crea-mt.org.br\/portal\/wp-json\/wp\/v2\/tags?post=6845"}],"curies":[{"name":"wp","href":"https:\/\/api.w.org\/{rel}","templated":true}]}}