{"id":6843,"date":"2007-04-10T00:00:00","date_gmt":"2007-04-10T03:00:00","guid":{"rendered":"https:\/\/crea-mt.org.br\/portal\/pre-congressos-regionais-iniciam-nesta-quarta-feira\/"},"modified":"2007-04-10T00:00:00","modified_gmt":"2007-04-10T03:00:00","slug":"pre-congressos-regionais-iniciam-nesta-quarta-feira","status":"publish","type":"post","link":"https:\/\/www.crea-mt.org.br\/portal\/pre-congressos-regionais-iniciam-nesta-quarta-feira\/","title":{"rendered":"Pr\u00e9-congressos regionais iniciam nesta quarta-feira"},"content":{"rendered":"<p>Pr\u00e9-congressos dar\u00e3o visibilidade ao crescimento dos profissionais <\/p>\n<p>Para incentivar a participa\u00e7\u00e3o da sociedade e de todos os profissionais ligados ao Conselho Regional de Engenharia, Arquitetura e Agronomia de Mato Grosso (Crea-MT), a Comiss\u00e3o Organizadora do 6\u00ba congresso Estadual de Profissionais (6\u00baCEP), realiza at\u00e9 ao final de abril, cinco Pr\u00e9-congressos regionais nas cidades de Tangar\u00e1 da Serra, C\u00e1ceres, Sinop, Rondon\u00f3polis e Barra do Gar\u00e7as. <\/p>\n<p>O primeiro est\u00e1 marcado para ocorrer nesta quarta-feira (11.04), em Tangar\u00e1 da Serra, a partir das 19h, na Associa\u00e7\u00e3o Comercial do munic\u00edpio. Dia 13 de abril, \u00e0s 19h o encontro ser\u00e1 na cidade de C\u00e1ceres, no buffet Casal Garcia, localizado na rua General Os\u00f3rio, n\u00ba 619. Na pr\u00f3xima semana, dia 18 de abril o pr\u00e9-congresso ser\u00e1 realizado em Sinop, tamb\u00e9m \u00e0s 19h, no audit\u00f3rio da Unemat, localizado no Campus da institui\u00e7\u00e3o \u00e0 avenida dos Ing\u00e1s, n\u00ba 3001. <\/p>\n<p>Os profissionais de Rondon\u00f3polis e Barra do Gar\u00e7as tamb\u00e9m participar\u00e3o. Os encontros est\u00e3o marcados para 25 e 27 de abril respectivamente. Em Rondon\u00f3polis o evento ocorre na Associa\u00e7\u00e3o de Engenheiros Agr\u00f4nomos de Rondon\u00f3polis (Aeagro). E, \u00e0s 18h, de 27 de abril, na C\u00e2mara Municipal de Barra do Gar\u00e7as.<\/p>\n<p>Vale lembrar que os Pr\u00e9-congressos incluem tamb\u00e9m a participa\u00e7\u00e3o e o apoio das Inspetorias Regionais do Crea-MT.<\/p>\n","protected":false},"excerpt":{"rendered":"<p>Pr\u00e9-congressos dar\u00e3o visibilidade ao crescimento dos profissionais Para incentivar a participa\u00e7\u00e3o da sociedade e de todos os profissionais ligados ao Conselho Regional de Engenharia, Arquitetura e Agronomia de Mato Grosso (Crea-MT), a Comiss\u00e3o Organizadora do 6\u00ba congresso Estadual de Profissionais (6\u00baCEP), realiza at\u00e9 ao final de abril, cinco Pr\u00e9-congressos regionais nas cidades de Tangar\u00e1 da [&hellip;]<\/p>\n","protected":false},"author":1,"featured_media":0,"comment_status":"open","ping_status":"open","sticky":false,"template":"","format":"standard","meta":{"footnotes":""},"categories":[1],"tags":[],"class_list":["post-6843","post","type-post","status-publish","format-standard","hentry","category-noticias"],"acf":[],"_links":{"self":[{"href":"https:\/\/www.crea-mt.org.br\/portal\/wp-json\/wp\/v2\/posts\/6843","targetHints":{"allow":["GET"]}}],"collection":[{"href":"https:\/\/www.crea-mt.org.br\/portal\/wp-json\/wp\/v2\/posts"}],"about":[{"href":"https:\/\/www.crea-mt.org.br\/portal\/wp-json\/wp\/v2\/types\/post"}],"author":[{"embeddable":true,"href":"https:\/\/www.crea-mt.org.br\/portal\/wp-json\/wp\/v2\/users\/1"}],"replies":[{"embeddable":true,"href":"https:\/\/www.crea-mt.org.br\/portal\/wp-json\/wp\/v2\/comments?post=6843"}],"version-history":[{"count":0,"href":"https:\/\/www.crea-mt.org.br\/portal\/wp-json\/wp\/v2\/posts\/6843\/revisions"}],"wp:attachment":[{"href":"https:\/\/www.crea-mt.org.br\/portal\/wp-json\/wp\/v2\/media?parent=6843"}],"wp:term":[{"taxonomy":"category","embeddable":true,"href":"https:\/\/www.crea-mt.org.br\/portal\/wp-json\/wp\/v2\/categories?post=6843"},{"taxonomy":"post_tag","embeddable":true,"href":"https:\/\/www.crea-mt.org.br\/portal\/wp-json\/wp\/v2\/tags?post=6843"}],"curies":[{"name":"wp","href":"https:\/\/api.w.org\/{rel}","templated":true}]}}