{"id":6841,"date":"2007-04-11T00:00:00","date_gmt":"2007-04-11T03:00:00","guid":{"rendered":"https:\/\/crea-mt.org.br\/portal\/audiencia-publica-discute-questao-dos-residuos-solidos\/"},"modified":"2007-04-11T00:00:00","modified_gmt":"2007-04-11T03:00:00","slug":"audiencia-publica-discute-questao-dos-residuos-solidos","status":"publish","type":"post","link":"https:\/\/www.crea-mt.org.br\/portal\/audiencia-publica-discute-questao-dos-residuos-solidos\/","title":{"rendered":"Audi\u00eancia P\u00fablica discute quest\u00e3o dos res\u00edduos s\u00f3lidos"},"content":{"rendered":"<p>O Plano Diretor para Res\u00edduos S\u00f3lidos Urbanos da Capital Federal foi tema de discuss\u00e3o de audi\u00eancia p\u00fablica realizada no Centro de Conven\u00e7\u00f5es Ulysses Guimar\u00e3es ontem (10\/4). Participaram cerca de 400 pessoas, entre representantes de Organiza\u00e7\u00f5es N\u00e3o-Governamentais e do poder p\u00fablico.<br \/>\nO objetivo foi debater e trocar experi\u00eancias sobre a quest\u00e3o do lixo no Distrito Federal. Para os representantes do GDF, al\u00e9m de buscar solu\u00e7\u00f5es que evitem o desgaste e a polui\u00e7\u00e3o do meio ambiente, \u00e9 preciso pensar em uma Pol\u00edtica P\u00fablica para o setor.<\/p>\n<p>Atualmente, o DF tem cinco Unidades de Tratamento de Lixo, mas o que preocupa \u00e9 o elevado \u00edndice de rejeitos produzido por cada uma delas, cerca de 60% \u00e9 rejeito. Por isso, segundo especialistas, \u00e9 importante reavaliar n\u00e3o apenas as unidades, mas construir uma pol\u00edtica p\u00fablica eficiente e que seja capaz produzir um sistema articulado que leve a uma melhor racionalidade do servi\u00e7o.<\/p>\n<p>&#8220;A hora \u00e9 agora&#8221;<br \/>\nOs participantes consideraram urgente que a o DF tenha um projeto de Coleta Seletiva e que toda a popula\u00e7\u00e3o seja mobilizada. Para a presidente do Crea-DF um Plano Diretor seria fundamental para garantir qualidade de vida da popula\u00e7\u00e3o. &#8220;Todos n\u00f3s temos que colaborar para a elabora\u00e7\u00e3o do Plano Diretor. S\u00f3 assim vamos evitar mais danos ao meio ambiente. A hora \u00e9 agora&#8221;, conclamou a presidente.<\/p>\n<p>O Presidente do Sindicato dos Engenheiros do Distrito Federal (Senge-DF), eng. civil Ronildo Divino de Menezes, defende que os engenheiros t\u00eam papel fundamental na quest\u00e3o. &#8220;A constru\u00e7\u00e3o civil gera um desperd\u00edcio de 30% de material, o que aumenta o custo da obra em 15%. Se esse material fosse reciclado, al\u00e9m da economia, estar\u00edamos contribuindo para melhorar a qualidade de vida&#8221;, ressaltou Ronildo. Ele afirmou que uma pol\u00edtica p\u00fablica depende apenas de vontade pol\u00edtica.<\/p>\n<p>O consultor do Banco Mundial Lu\u00eds Kaimoto apresentou v\u00e1rias experi\u00eancias, mas lembrou que nem sempre um mesmo projeto \u00e9 v\u00e1lido para duas cidades. &#8220;Tem que ter tecnologia e t\u00e9cnicas espec\u00edficas para atender \u00e0s particularidades de cada regi\u00e3o&#8221;, alertou o consultor.<\/p>\n<p>Fonte:Crea-DF<\/p>\n","protected":false},"excerpt":{"rendered":"<p>O Plano Diretor para Res\u00edduos S\u00f3lidos Urbanos da Capital Federal foi tema de discuss\u00e3o de audi\u00eancia p\u00fablica realizada no Centro de Conven\u00e7\u00f5es Ulysses Guimar\u00e3es ontem (10\/4). Participaram cerca de 400 pessoas, entre representantes de Organiza\u00e7\u00f5es N\u00e3o-Governamentais e do poder p\u00fablico. O objetivo foi debater e trocar experi\u00eancias sobre a quest\u00e3o do lixo no Distrito Federal. [&hellip;]<\/p>\n","protected":false},"author":1,"featured_media":0,"comment_status":"open","ping_status":"open","sticky":false,"template":"","format":"standard","meta":{"footnotes":""},"categories":[1],"tags":[],"class_list":["post-6841","post","type-post","status-publish","format-standard","hentry","category-noticias"],"acf":[],"_links":{"self":[{"href":"https:\/\/www.crea-mt.org.br\/portal\/wp-json\/wp\/v2\/posts\/6841","targetHints":{"allow":["GET"]}}],"collection":[{"href":"https:\/\/www.crea-mt.org.br\/portal\/wp-json\/wp\/v2\/posts"}],"about":[{"href":"https:\/\/www.crea-mt.org.br\/portal\/wp-json\/wp\/v2\/types\/post"}],"author":[{"embeddable":true,"href":"https:\/\/www.crea-mt.org.br\/portal\/wp-json\/wp\/v2\/users\/1"}],"replies":[{"embeddable":true,"href":"https:\/\/www.crea-mt.org.br\/portal\/wp-json\/wp\/v2\/comments?post=6841"}],"version-history":[{"count":0,"href":"https:\/\/www.crea-mt.org.br\/portal\/wp-json\/wp\/v2\/posts\/6841\/revisions"}],"wp:attachment":[{"href":"https:\/\/www.crea-mt.org.br\/portal\/wp-json\/wp\/v2\/media?parent=6841"}],"wp:term":[{"taxonomy":"category","embeddable":true,"href":"https:\/\/www.crea-mt.org.br\/portal\/wp-json\/wp\/v2\/categories?post=6841"},{"taxonomy":"post_tag","embeddable":true,"href":"https:\/\/www.crea-mt.org.br\/portal\/wp-json\/wp\/v2\/tags?post=6841"}],"curies":[{"name":"wp","href":"https:\/\/api.w.org\/{rel}","templated":true}]}}