{"id":6840,"date":"2007-04-12T00:00:00","date_gmt":"2007-04-12T03:00:00","guid":{"rendered":"https:\/\/crea-mt.org.br\/portal\/aprovacao-ao-governo-lula-cai-8-pontos-diz-cniibope\/"},"modified":"2007-04-12T00:00:00","modified_gmt":"2007-04-12T03:00:00","slug":"aprovacao-ao-governo-lula-cai-8-pontos-diz-cniibope","status":"publish","type":"post","link":"https:\/\/www.crea-mt.org.br\/portal\/aprovacao-ao-governo-lula-cai-8-pontos-diz-cniibope\/","title":{"rendered":"Aprova\u00e7\u00e3o ao governo Lula cai 8 pontos, diz CNI\/Ibope"},"content":{"rendered":"<p>Fonte:Folha Online<\/p>\n<p>A aprova\u00e7\u00e3o ao governo do presidente Luiz In\u00e1cio Lula da Silva caiu 8 pontos percentuais de dezembro de 2006 para abril deste ano, segundo pesquisa CNI\/Ibope divulgada nesta quinta-feira. Em dezembro, 57% consideravam o governo como \u00f3timo\/bom. Em abril, esse percentual recuou para 49%.<\/p>\n<p>A aprova\u00e7\u00e3o pessoal ao presidente Lula caiu de 71% em dezembro para 65% em abril, uma queda de seis pontos percentuais. No mesmo per\u00edodo, o percentual de desaprova\u00e7\u00e3o subiu de 23% para 29%.<\/p>\n<p>A pesquisa CNI\/Ibope foi realizada entre os dias 28 de mar\u00e7o e 2 de abril com 2.002 pessoas de 140 munic\u00edpios. A margem de erro \u00e9 de dois pontos percentuais, para mais ou para menos.<\/p>\n<p>A parcela da popula\u00e7\u00e3o que considerou o governo Lula ruim\/p\u00e9ssimo evoluiu de 13% em dezembro para 16% em abril. No mesmo per\u00edodo, a avalia\u00e7\u00e3o regular subiu de 28% para 33%.<\/p>\n<p>Outros levantamentos<\/p>\n<p>De acordo com a pesquisa CNT\/Sensus, divulgada na ter\u00e7a-feira, o governo federal foi avaliado de forma positiva por 49,5% da popula\u00e7\u00e3o, o terceiro melhor resultado verificado desde janeiro de 2003, in\u00edcio do primeiro mandato de Lula. <\/p>\n<p>E o desempenho pessoal do presidente Lula foi avaliado como positivo por 63,7% da popula\u00e7\u00e3o. A pesquisa CNT\/Sensus foi realizada entre os dias 2 e 6 de abril com 2.300 pessoas de 136 munic\u00edpios das cinco regi\u00f5es do pa\u00eds. <\/p>\n<p>Pesquisa Datafolha divulgada no m\u00eas passado mostrava uma queda de 52% em dezembro para 48% no percentual de avalia\u00e7\u00e3o \u00f3timo\/bom do governo Lula. A pesquisa Datafolha foi realizada entre os dias 19 e 20 de mar\u00e7o em todo o pa\u00eds e ouviu 5.700 pessoas.<\/p>\n","protected":false},"excerpt":{"rendered":"<p>Fonte:Folha Online A aprova\u00e7\u00e3o ao governo do presidente Luiz In\u00e1cio Lula da Silva caiu 8 pontos percentuais de dezembro de 2006 para abril deste ano, segundo pesquisa CNI\/Ibope divulgada nesta quinta-feira. Em dezembro, 57% consideravam o governo como \u00f3timo\/bom. Em abril, esse percentual recuou para 49%. A aprova\u00e7\u00e3o pessoal ao presidente Lula caiu de 71% [&hellip;]<\/p>\n","protected":false},"author":1,"featured_media":0,"comment_status":"open","ping_status":"open","sticky":false,"template":"","format":"standard","meta":{"footnotes":""},"categories":[1],"tags":[],"class_list":["post-6840","post","type-post","status-publish","format-standard","hentry","category-noticias"],"acf":[],"_links":{"self":[{"href":"https:\/\/www.crea-mt.org.br\/portal\/wp-json\/wp\/v2\/posts\/6840","targetHints":{"allow":["GET"]}}],"collection":[{"href":"https:\/\/www.crea-mt.org.br\/portal\/wp-json\/wp\/v2\/posts"}],"about":[{"href":"https:\/\/www.crea-mt.org.br\/portal\/wp-json\/wp\/v2\/types\/post"}],"author":[{"embeddable":true,"href":"https:\/\/www.crea-mt.org.br\/portal\/wp-json\/wp\/v2\/users\/1"}],"replies":[{"embeddable":true,"href":"https:\/\/www.crea-mt.org.br\/portal\/wp-json\/wp\/v2\/comments?post=6840"}],"version-history":[{"count":0,"href":"https:\/\/www.crea-mt.org.br\/portal\/wp-json\/wp\/v2\/posts\/6840\/revisions"}],"wp:attachment":[{"href":"https:\/\/www.crea-mt.org.br\/portal\/wp-json\/wp\/v2\/media?parent=6840"}],"wp:term":[{"taxonomy":"category","embeddable":true,"href":"https:\/\/www.crea-mt.org.br\/portal\/wp-json\/wp\/v2\/categories?post=6840"},{"taxonomy":"post_tag","embeddable":true,"href":"https:\/\/www.crea-mt.org.br\/portal\/wp-json\/wp\/v2\/tags?post=6840"}],"curies":[{"name":"wp","href":"https:\/\/api.w.org\/{rel}","templated":true}]}}