{"id":6835,"date":"2007-04-12T00:00:00","date_gmt":"2007-04-12T03:00:00","guid":{"rendered":"https:\/\/crea-mt.org.br\/portal\/brasil-cai-em-rankings-de-comercio-exterior-da-omc\/"},"modified":"2007-04-12T00:00:00","modified_gmt":"2007-04-12T03:00:00","slug":"brasil-cai-em-rankings-de-comercio-exterior-da-omc","status":"publish","type":"post","link":"https:\/\/www.crea-mt.org.br\/portal\/brasil-cai-em-rankings-de-comercio-exterior-da-omc\/","title":{"rendered":"Brasil cai em rankings de com\u00e9rcio exterior da OMC"},"content":{"rendered":"<p>Fonte:Folha de S\u00e3o Paulo <\/p>\n<p>S\u00e3o Paulo &#8211; O Brasil caiu nos rankings dos maiores pa\u00edses exportadores e importadores divulgados nesta quarta-feira pela OMC (Organiza\u00e7\u00e3o Mundial do Com\u00e9rcio). <\/p>\n<p>Segundo a OMC, o Brasil exportou US$ 137 bilh\u00f5es em mercadorias em 2006, ocupando a 24\u00aa posi\u00e7\u00e3o na lista. Uma posi\u00e7\u00e3o a menos do que no ranking do ano anterior. <\/p>\n<p>As exporta\u00e7\u00f5es brasileiras representaram 1,1% do mercado mundial em 2006, o mesmo percentual registrado em 2005. O Brasil tem a mesma fatia do mercado exportador que a Tail\u00e2ndia e a \u00c1ustria. <\/p>\n<p>No ranking dos pa\u00edses importadores, o Brasil caiu duas posi\u00e7\u00f5es &#8211;da 27\u00a6 em 2005 para a 29\u00a6 no ano passado. O Brasil representou 0,7% do mercado importador mundial em 2006, com importa\u00e7\u00f5es de US$ 88 bilh\u00f5es em bens. <\/p>\n<p>Surpresa no Brasil<br \/>\nO Brasil \u00e9 o segundo maior exportador e importador de bens da Am\u00e9rica Latina, atr\u00e1s apenas do M\u00e9xico. Em 2006, o M\u00e9xico exportou quase o dobro do valor brasileiro em bens (US$ 250 bilh\u00f5es) e importou mais de tr\u00eas vezes do que o Brasil (US$ 268 bilh\u00f5es). <\/p>\n<p>A queda brasileira nos rankings surpreendeu a AEB (Associa\u00e7\u00e3o de Com\u00e9rcio Exterior do Brasil), j\u00e1 que 2006 foi considerado um ano bom para as vendas externas do pa\u00eds. <\/p>\n<p>Mesmo tendo ca\u00eddo no ranking de exportadores, as vendas externas brasileiras cresceram 16% em 2006, um ponto acima da m\u00e9dia mundial de 15%. Para o vice-presidente da AEB, Jos\u00e9 Augusto de Castro, a queda do Brasil pode estar relacionada com o bom desempenho das economias europ\u00e9ias. <\/p>\n<p>&#8220;As exporta\u00e7\u00f5es europ\u00e9ias tiveram crescimento tamb\u00e9m (em 2006). A desvaloriza\u00e7\u00e3o do euro e a valoriza\u00e7\u00e3o do d\u00f3lar no cen\u00e1rio internacional estimularam indiretamente as exporta\u00e7\u00f5es da Europa tamb\u00e9m&#8221;, disse \u00e0 BBC Brasil. <\/p>\n<p>O diretor-geral da OMC, Pascal Lamy, defendeu a Rodada Doha &#8211;de negocia\u00e7\u00f5es comerciais internacionais para redu\u00e7\u00e3o de barreiras comerciais em todo o mundo&#8211; como forma de melhorar o desempenho das economias mundiais. <\/p>\n<p>&#8220;Uma conclus\u00e3o bem-sucedida da Rodada Doha tem grande potencial para crescimento e al\u00edvio da pobreza. Um acordo tamb\u00e9m garantiria regras de com\u00e9rcio mais relevantes, ajudando a estabelecer uma funda\u00e7\u00e3o mais est\u00e1vel e certa para a din\u00e2mica do mercado global de hoje&#8221;, disse Lamy, em nota divulgada pela OMC. <\/p>\n","protected":false},"excerpt":{"rendered":"<p>Fonte:Folha de S\u00e3o Paulo S\u00e3o Paulo &#8211; O Brasil caiu nos rankings dos maiores pa\u00edses exportadores e importadores divulgados nesta quarta-feira pela OMC (Organiza\u00e7\u00e3o Mundial do Com\u00e9rcio). Segundo a OMC, o Brasil exportou US$ 137 bilh\u00f5es em mercadorias em 2006, ocupando a 24\u00aa posi\u00e7\u00e3o na lista. Uma posi\u00e7\u00e3o a menos do que no ranking do [&hellip;]<\/p>\n","protected":false},"author":1,"featured_media":0,"comment_status":"open","ping_status":"open","sticky":false,"template":"","format":"standard","meta":{"footnotes":""},"categories":[1],"tags":[],"class_list":["post-6835","post","type-post","status-publish","format-standard","hentry","category-noticias"],"acf":[],"_links":{"self":[{"href":"https:\/\/www.crea-mt.org.br\/portal\/wp-json\/wp\/v2\/posts\/6835","targetHints":{"allow":["GET"]}}],"collection":[{"href":"https:\/\/www.crea-mt.org.br\/portal\/wp-json\/wp\/v2\/posts"}],"about":[{"href":"https:\/\/www.crea-mt.org.br\/portal\/wp-json\/wp\/v2\/types\/post"}],"author":[{"embeddable":true,"href":"https:\/\/www.crea-mt.org.br\/portal\/wp-json\/wp\/v2\/users\/1"}],"replies":[{"embeddable":true,"href":"https:\/\/www.crea-mt.org.br\/portal\/wp-json\/wp\/v2\/comments?post=6835"}],"version-history":[{"count":0,"href":"https:\/\/www.crea-mt.org.br\/portal\/wp-json\/wp\/v2\/posts\/6835\/revisions"}],"wp:attachment":[{"href":"https:\/\/www.crea-mt.org.br\/portal\/wp-json\/wp\/v2\/media?parent=6835"}],"wp:term":[{"taxonomy":"category","embeddable":true,"href":"https:\/\/www.crea-mt.org.br\/portal\/wp-json\/wp\/v2\/categories?post=6835"},{"taxonomy":"post_tag","embeddable":true,"href":"https:\/\/www.crea-mt.org.br\/portal\/wp-json\/wp\/v2\/tags?post=6835"}],"curies":[{"name":"wp","href":"https:\/\/api.w.org\/{rel}","templated":true}]}}