{"id":6833,"date":"2007-04-12T00:00:00","date_gmt":"2007-04-12T03:00:00","guid":{"rendered":"https:\/\/crea-mt.org.br\/portal\/presidente-do-bb-descarta-prorrogacao\/"},"modified":"2007-04-12T00:00:00","modified_gmt":"2007-04-12T03:00:00","slug":"presidente-do-bb-descarta-prorrogacao","status":"publish","type":"post","link":"https:\/\/www.crea-mt.org.br\/portal\/presidente-do-bb-descarta-prorrogacao\/","title":{"rendered":"Presidente do BB descarta prorroga\u00e7\u00e3o"},"content":{"rendered":"<p>O presidente do Banco do Brasil (BB), Ant\u00f4nio Francisco Lima Neto, disse em Cuiab\u00e1 que a institui\u00e7\u00e3o n\u00e3o ir\u00e1 refinanciar as d\u00edvidas de investimentos dos produtores. \u00c0 sa\u00edda da reuni\u00e3o com o governador Blairo Maggi, ontem pela manh\u00e3, ele foi enf\u00e1tico: &#8220;N\u00e3o se fala em prorroga\u00e7\u00e3o. O banco tem um cronograma [de recebimento] e vai cumpri-lo pontualmente&#8221;. <\/p>\n<p>Depois de ser taxativo \u00e0s indaga\u00e7\u00f5es da imprensa com rela\u00e7\u00e3o ao endividamento do campo, Lima Neto disse que o BB entende que a conjuntura atual favorece os produtores e acredita que j\u00e1 \u00e9 hora de pensar na pr\u00f3xima safra. &#8220;Estamos destinando este ano recursos de R$ 1 bilh\u00e3o para o custeio da safra 07\/08&#8221;. No ano passado, de acordo com a \u00e1rea de agroneg\u00f3cio, a institui\u00e7\u00e3o liberou R$ 650 milh\u00f5es para os produtores de Mato Grosso. O or\u00e7amento deste ano para o custeio representa um incremento de 53,84% em rela\u00e7\u00e3o ao montante liberado na safra anterior. <\/p>\n<p>Justificando o posicionamento da institui\u00e7\u00e3o, Lima Neto afirmou que a safra 06\/07 foi uma das melhores dos \u00faltimos anos e que, &#8220;portanto, n\u00e3o h\u00e1 motivos para novos refinanciamentos&#8221;. <\/p>\n<p>O superintendente regional do Banco do Brasil, Renato Barbosa, informou que &#8220;de uma forma geral n\u00e3o houve perdas de safra, prova disso \u00e9 que os seguros n\u00e3o chegaram a ser acionados pelos produtores&#8221;. <\/p>\n<p>Barbosa lembrou que este ano todos os indicadores econ\u00f4micos da agricultura foram favor\u00e1veis para a cadeia produtiva. <\/p>\n<p>&#8220;A safra teve um bom comportamento este ano e os pre\u00e7os no mercado internacional sinalizaram positivamente. Temos atualmente uma das melhores cota\u00e7\u00f5es do mercado e o produtor n\u00e3o tem motivos para solicitar prorroga\u00e7\u00f5es&#8221;, argumenta. <\/p>\n<p>Segundo ele, eventualmente alguns produtores podem ser beneficiados com o refinanciamento, &#8220;que n\u00e3o se estender\u00e1 a todos&#8221;. <\/p>\n<p>O banco vai estudar caso a caso e somente aqueles [produtores] que comprovarem perdas poder\u00e3o ter sua d\u00edvida prorrogada. Mas isso depender\u00e1 tamb\u00e9m de uma per\u00edcia que o BB ir\u00e1 realizar nas lavouras indicadas pelos agricultores. <\/p>\n<p>As d\u00edvidas de investimentos referem-se \u00e0 aquisi\u00e7\u00e3o de m\u00e1quinas e equipamentos e \u00e0 calagem do solo. S\u00f3 nos cinco \u00faltimos anos foram investidos mais de R$ 6 bilh\u00f5es em Mato Grosso para fazer frente ao crescimento m\u00e9dio de 700 mil hectares\/ano na \u00e1rea plantada. <\/p>\n<p>OUTRO LADO &#8211; Ao tomar conhecimento da posi\u00e7\u00e3o do Banco do Brasil sobre a quest\u00e3o das d\u00edvidas, o presidente da Associa\u00e7\u00e3o dos Produtores de Soja do Estado (Aprosoja\/MT), Rui Ottoni Prado, reafirmou que &#8220;haver\u00e1 necessidade de prorroga\u00e7\u00e3o dos d\u00e9bitos referentes a investimento&#8221;. <\/p>\n<p>Segundo ele, n\u00e3o h\u00e1 renda suficiente para cobrir as d\u00edvidas de custeio e investimentos, que totalizam R$ 4 bilh\u00f5es. &#8220;O produtor n\u00e3o vai dar conta de pagar. Temos que insistir na prorroga\u00e7\u00e3o&#8221;, sustenta Prado. <\/p>\n<p>Os produtores alegam que apesar dos pre\u00e7os terem melhorado neste ano, a maioria n\u00e3o se beneficiar\u00e1 disto porque j\u00e1 venderam sua safra para as tradings. &#8220;Al\u00e9m disso, ainda temos o problema do c\u00e2mbio, que est\u00e1 defasado e praticamente elimina a margem de lucro do produtor&#8221;. <\/p>\n<p>O gerente de Agroneg\u00f3cio do Banco do Brasil, Ol\u00edmpio Vasconcellos, disse que o maior volume das parcelas referentes ao endividamento come\u00e7a a vencer no pr\u00f3ximo m\u00eas de maio. &#8220;Por enquanto, a situa\u00e7\u00e3o est\u00e1 sob controle e n\u00e3o temos registro de inadimpl\u00eancia elevada&#8221;. <\/p>\n<p>Fonte:Di\u00e1rio de Cuiab\u00e1 <\/p>\n","protected":false},"excerpt":{"rendered":"<p>O presidente do Banco do Brasil (BB), Ant\u00f4nio Francisco Lima Neto, disse em Cuiab\u00e1 que a institui\u00e7\u00e3o n\u00e3o ir\u00e1 refinanciar as d\u00edvidas de investimentos dos produtores. \u00c0 sa\u00edda da reuni\u00e3o com o governador Blairo Maggi, ontem pela manh\u00e3, ele foi enf\u00e1tico: &#8220;N\u00e3o se fala em prorroga\u00e7\u00e3o. O banco tem um cronograma [de recebimento] e vai [&hellip;]<\/p>\n","protected":false},"author":1,"featured_media":0,"comment_status":"open","ping_status":"open","sticky":false,"template":"","format":"standard","meta":{"footnotes":""},"categories":[1],"tags":[],"class_list":["post-6833","post","type-post","status-publish","format-standard","hentry","category-noticias"],"acf":[],"_links":{"self":[{"href":"https:\/\/www.crea-mt.org.br\/portal\/wp-json\/wp\/v2\/posts\/6833","targetHints":{"allow":["GET"]}}],"collection":[{"href":"https:\/\/www.crea-mt.org.br\/portal\/wp-json\/wp\/v2\/posts"}],"about":[{"href":"https:\/\/www.crea-mt.org.br\/portal\/wp-json\/wp\/v2\/types\/post"}],"author":[{"embeddable":true,"href":"https:\/\/www.crea-mt.org.br\/portal\/wp-json\/wp\/v2\/users\/1"}],"replies":[{"embeddable":true,"href":"https:\/\/www.crea-mt.org.br\/portal\/wp-json\/wp\/v2\/comments?post=6833"}],"version-history":[{"count":0,"href":"https:\/\/www.crea-mt.org.br\/portal\/wp-json\/wp\/v2\/posts\/6833\/revisions"}],"wp:attachment":[{"href":"https:\/\/www.crea-mt.org.br\/portal\/wp-json\/wp\/v2\/media?parent=6833"}],"wp:term":[{"taxonomy":"category","embeddable":true,"href":"https:\/\/www.crea-mt.org.br\/portal\/wp-json\/wp\/v2\/categories?post=6833"},{"taxonomy":"post_tag","embeddable":true,"href":"https:\/\/www.crea-mt.org.br\/portal\/wp-json\/wp\/v2\/tags?post=6833"}],"curies":[{"name":"wp","href":"https:\/\/api.w.org\/{rel}","templated":true}]}}