{"id":6831,"date":"2007-04-12T00:00:00","date_gmt":"2007-04-12T03:00:00","guid":{"rendered":"https:\/\/crea-mt.org.br\/portal\/governadora-do-para-lembra-massacre-de-eldorado-dos-carajas\/"},"modified":"2007-04-12T00:00:00","modified_gmt":"2007-04-12T03:00:00","slug":"governadora-do-para-lembra-massacre-de-eldorado-dos-carajas","status":"publish","type":"post","link":"https:\/\/www.crea-mt.org.br\/portal\/governadora-do-para-lembra-massacre-de-eldorado-dos-carajas\/","title":{"rendered":"Governadora do Par\u00e1 lembra massacre de Eldorado dos Caraj\u00e1s &#8211;"},"content":{"rendered":"<p>Fonte: Amazonia.org.br <\/p>\n<p>No pr\u00f3ximo dia 17, a cidade de Eldorado dos Caraj\u00e1s, Par\u00e1, recorda o massacre de 19 sem-terras com a presen\u00e7a da governadora Ana J\u00falia Carepa durante todo o dia na regi\u00e3o. Ana J\u00falia, que havia anunciado que despacharia a partir de um gabinete improvisado em acampamento na cidade, n\u00e3o poder\u00e1 assinar documentos ou decretos oficiais do local, mas confirmou que estar\u00e1 presente nas celebra\u00e7\u00f5es e outros atos em mem\u00f3ria dos mortos no enfrentamento.<\/p>\n<p>Segundo sua assessoria de imprensa, a presen\u00e7a da governadora marcaria uma nova postura do governo do estado com rela\u00e7\u00e3o \u00e0s reivindica\u00e7\u00f5es do movimento e com as quest\u00f5es sociais.<\/p>\n<p>O governo informa que aos poucos est\u00e3o sendo liberadas pens\u00f5es para as fam\u00edlias dos trabalhadores mortos ou prejudicados no conflito.  Um grupo de estudos ligado \u00e0 Secretaria de Seguran\u00e7a P\u00fablica do Par\u00e1 est\u00e1 estudando que outras medidas reparadoras podem ser tomadas pelo Estado no aux\u00edlio \u00e0s fam\u00edlias das v\u00edtimas.<\/p>\n<p>Massacre<br \/>\nO massacre de Eldorado dos Caraj\u00e1s ocorreu na noite de 17 de abril de 1996, depois de um chamado \u00e0 Pol\u00edcia Militar para desobstruir uma rodovia na regi\u00e3o ocupada por trabalhadores do movimento sem-terra em protesto.  Na ocasi\u00e3o, 19 trabalhadores foram mortos e outros 69 feridos, assim como doze policiais.  Os comandantes da opera\u00e7\u00e3o que resultou no massacre foram condenados, mas continuam em liberdade.<\/p>\n","protected":false},"excerpt":{"rendered":"<p>Fonte: Amazonia.org.br No pr\u00f3ximo dia 17, a cidade de Eldorado dos Caraj\u00e1s, Par\u00e1, recorda o massacre de 19 sem-terras com a presen\u00e7a da governadora Ana J\u00falia Carepa durante todo o dia na regi\u00e3o. Ana J\u00falia, que havia anunciado que despacharia a partir de um gabinete improvisado em acampamento na cidade, n\u00e3o poder\u00e1 assinar documentos ou [&hellip;]<\/p>\n","protected":false},"author":1,"featured_media":0,"comment_status":"open","ping_status":"open","sticky":false,"template":"","format":"standard","meta":{"footnotes":""},"categories":[1],"tags":[],"class_list":["post-6831","post","type-post","status-publish","format-standard","hentry","category-noticias"],"acf":[],"_links":{"self":[{"href":"https:\/\/www.crea-mt.org.br\/portal\/wp-json\/wp\/v2\/posts\/6831","targetHints":{"allow":["GET"]}}],"collection":[{"href":"https:\/\/www.crea-mt.org.br\/portal\/wp-json\/wp\/v2\/posts"}],"about":[{"href":"https:\/\/www.crea-mt.org.br\/portal\/wp-json\/wp\/v2\/types\/post"}],"author":[{"embeddable":true,"href":"https:\/\/www.crea-mt.org.br\/portal\/wp-json\/wp\/v2\/users\/1"}],"replies":[{"embeddable":true,"href":"https:\/\/www.crea-mt.org.br\/portal\/wp-json\/wp\/v2\/comments?post=6831"}],"version-history":[{"count":0,"href":"https:\/\/www.crea-mt.org.br\/portal\/wp-json\/wp\/v2\/posts\/6831\/revisions"}],"wp:attachment":[{"href":"https:\/\/www.crea-mt.org.br\/portal\/wp-json\/wp\/v2\/media?parent=6831"}],"wp:term":[{"taxonomy":"category","embeddable":true,"href":"https:\/\/www.crea-mt.org.br\/portal\/wp-json\/wp\/v2\/categories?post=6831"},{"taxonomy":"post_tag","embeddable":true,"href":"https:\/\/www.crea-mt.org.br\/portal\/wp-json\/wp\/v2\/tags?post=6831"}],"curies":[{"name":"wp","href":"https:\/\/api.w.org\/{rel}","templated":true}]}}