{"id":6828,"date":"2007-04-13T00:00:00","date_gmt":"2007-04-13T03:00:00","guid":{"rendered":"https:\/\/crea-mt.org.br\/portal\/investimentos-do-pac-no-estado-em-discussao\/"},"modified":"2007-04-13T00:00:00","modified_gmt":"2007-04-13T03:00:00","slug":"investimentos-do-pac-no-estado-em-discussao","status":"publish","type":"post","link":"https:\/\/www.crea-mt.org.br\/portal\/investimentos-do-pac-no-estado-em-discussao\/","title":{"rendered":"Investimentos do PAC no Estado em discuss\u00e3o"},"content":{"rendered":"<p>A Federa\u00e7\u00e3o das Ind\u00fastrias no Estado de Mato Grosso (Fiemt), por meio do Conselho Tem\u00e1tico de Infra-Estrutura (Coinfra), promove hoje uma reuni\u00e3o com a Secretaria de Estado de Infra-Estrutura (Sinfra). O objetivo \u00e9 discutir as atuais e futuras a\u00e7\u00f5es do governo estadual em infra-estrutura, al\u00e9m dos investimentos do Programa de Acelera\u00e7\u00e3o do Crescimento (PAC) para Mato Grosso. De acordo com o presidente do Coinfra, Anildo Lima Barros, esta \u00e9 a primeira de uma s\u00e9rie de reuni\u00f5es que o Conselho pretende realizar junto \u00e0s prefeituras municipais e autoridades do Estado. O encontro tem in\u00edcio \u00e0s 8h.<br \/>\nFonte:Di\u00e1rio de Cuiab\u00e1 <\/p>\n","protected":false},"excerpt":{"rendered":"<p>A Federa\u00e7\u00e3o das Ind\u00fastrias no Estado de Mato Grosso (Fiemt), por meio do Conselho Tem\u00e1tico de Infra-Estrutura (Coinfra), promove hoje uma reuni\u00e3o com a Secretaria de Estado de Infra-Estrutura (Sinfra). O objetivo \u00e9 discutir as atuais e futuras a\u00e7\u00f5es do governo estadual em infra-estrutura, al\u00e9m dos investimentos do Programa de Acelera\u00e7\u00e3o do Crescimento (PAC) para [&hellip;]<\/p>\n","protected":false},"author":1,"featured_media":0,"comment_status":"open","ping_status":"open","sticky":false,"template":"","format":"standard","meta":{"footnotes":""},"categories":[1],"tags":[],"class_list":["post-6828","post","type-post","status-publish","format-standard","hentry","category-noticias"],"acf":[],"_links":{"self":[{"href":"https:\/\/www.crea-mt.org.br\/portal\/wp-json\/wp\/v2\/posts\/6828","targetHints":{"allow":["GET"]}}],"collection":[{"href":"https:\/\/www.crea-mt.org.br\/portal\/wp-json\/wp\/v2\/posts"}],"about":[{"href":"https:\/\/www.crea-mt.org.br\/portal\/wp-json\/wp\/v2\/types\/post"}],"author":[{"embeddable":true,"href":"https:\/\/www.crea-mt.org.br\/portal\/wp-json\/wp\/v2\/users\/1"}],"replies":[{"embeddable":true,"href":"https:\/\/www.crea-mt.org.br\/portal\/wp-json\/wp\/v2\/comments?post=6828"}],"version-history":[{"count":0,"href":"https:\/\/www.crea-mt.org.br\/portal\/wp-json\/wp\/v2\/posts\/6828\/revisions"}],"wp:attachment":[{"href":"https:\/\/www.crea-mt.org.br\/portal\/wp-json\/wp\/v2\/media?parent=6828"}],"wp:term":[{"taxonomy":"category","embeddable":true,"href":"https:\/\/www.crea-mt.org.br\/portal\/wp-json\/wp\/v2\/categories?post=6828"},{"taxonomy":"post_tag","embeddable":true,"href":"https:\/\/www.crea-mt.org.br\/portal\/wp-json\/wp\/v2\/tags?post=6828"}],"curies":[{"name":"wp","href":"https:\/\/api.w.org\/{rel}","templated":true}]}}