{"id":6827,"date":"2007-04-13T00:00:00","date_gmt":"2007-04-13T03:00:00","guid":{"rendered":"https:\/\/crea-mt.org.br\/portal\/crea-df-inicia-debates-do-6o-cep\/"},"modified":"2007-04-13T00:00:00","modified_gmt":"2007-04-13T03:00:00","slug":"crea-df-inicia-debates-do-6o-cep","status":"publish","type":"post","link":"https:\/\/www.crea-mt.org.br\/portal\/crea-df-inicia-debates-do-6o-cep\/","title":{"rendered":"Crea-DF inicia debates do 6\u00ba CEP"},"content":{"rendered":"<p>Profissionais do Crea-DF e Presidentes de Entidades do Distrito Federal iniciaram na quarta-feira, 11\/3, os debates do 6\u00ba Congresso Estadual de Profissional. O primeiro Congresso Preparat\u00f3rio aconteceu na sede do Crea-DF e contou com a participa\u00e7\u00e3o de cerca de 50 profissionais.<\/p>\n<p>Ao realizar a abertura, o Coordenador-Adjunto da Comiss\u00e3o, engenheiro florestal Narciso Carvalho lembrou aos presentes da import\u00e2ncia de os profissionais refletirem n\u00e3o apenas sobre as profissionais, mas tamb\u00e9m sobre o papel do profissional dentro da sociedade e ainda, contribuir de forma efetiva para uma melhor atua\u00e7\u00e3o de todo o Sistema Confea\/Crea.<\/p>\n<p>A Presidente do Crea-DF, engenheira civil Lia S\u00e1 enfatizou a import\u00e2ncia do debate durante os pr\u00e9-congressos e a import\u00e2ncia da participa\u00e7\u00e3o. &#8220;N\u00e3o adianta sermos o maior Conselho do Brasil se n\u00e3o nos posicionamos perante a sociedade, se n\u00e3o tivermos consci\u00eancia do nosso papel e, principalmente, se n\u00e3o nos dispusermos a debater as nossas profiss\u00f5es e contribuir para a constru\u00e7\u00e3o de projeto nacional de desenvolvimento. Se queremos ser reconhecidos e se queremos promover mudan\u00e7as, essa \u00e9 a hora&#8221;, conclamou a presidente.<\/p>\n<p>Realizados a cada dois anos, os Congressos s\u00e3o espa\u00e7os para que os profissionais reflitam sobre o papel das profiss\u00f5es e apresentem a\u00e7\u00f5es para valorizar as profiss\u00f5es. O tema deste ano \u00e9 &#8220;Pacto Profissional e Social&#8221;. Durante os debates os profissionais v\u00e3o apresentar propostas ligadas ao tema que ser\u00e3o levadas para o 6\u00ba Congresso Nacional de Profissionais (CNP), que acontece de 15 a 17 de agosto, no Rio de Janeiro.<\/p>\n<p>O Crea-DF vai realizar mais tr\u00eas Congressos Preparat\u00f3rios antes do Congresso final, nos dias 31 de maio e de primeiro a 6 de junho.<\/p>\n<p>Fonte: Crea-DF  <\/p>\n","protected":false},"excerpt":{"rendered":"<p>Profissionais do Crea-DF e Presidentes de Entidades do Distrito Federal iniciaram na quarta-feira, 11\/3, os debates do 6\u00ba Congresso Estadual de Profissional. O primeiro Congresso Preparat\u00f3rio aconteceu na sede do Crea-DF e contou com a participa\u00e7\u00e3o de cerca de 50 profissionais. Ao realizar a abertura, o Coordenador-Adjunto da Comiss\u00e3o, engenheiro florestal Narciso Carvalho lembrou aos [&hellip;]<\/p>\n","protected":false},"author":1,"featured_media":0,"comment_status":"open","ping_status":"open","sticky":false,"template":"","format":"standard","meta":{"footnotes":""},"categories":[1],"tags":[],"class_list":["post-6827","post","type-post","status-publish","format-standard","hentry","category-noticias"],"acf":[],"_links":{"self":[{"href":"https:\/\/www.crea-mt.org.br\/portal\/wp-json\/wp\/v2\/posts\/6827","targetHints":{"allow":["GET"]}}],"collection":[{"href":"https:\/\/www.crea-mt.org.br\/portal\/wp-json\/wp\/v2\/posts"}],"about":[{"href":"https:\/\/www.crea-mt.org.br\/portal\/wp-json\/wp\/v2\/types\/post"}],"author":[{"embeddable":true,"href":"https:\/\/www.crea-mt.org.br\/portal\/wp-json\/wp\/v2\/users\/1"}],"replies":[{"embeddable":true,"href":"https:\/\/www.crea-mt.org.br\/portal\/wp-json\/wp\/v2\/comments?post=6827"}],"version-history":[{"count":0,"href":"https:\/\/www.crea-mt.org.br\/portal\/wp-json\/wp\/v2\/posts\/6827\/revisions"}],"wp:attachment":[{"href":"https:\/\/www.crea-mt.org.br\/portal\/wp-json\/wp\/v2\/media?parent=6827"}],"wp:term":[{"taxonomy":"category","embeddable":true,"href":"https:\/\/www.crea-mt.org.br\/portal\/wp-json\/wp\/v2\/categories?post=6827"},{"taxonomy":"post_tag","embeddable":true,"href":"https:\/\/www.crea-mt.org.br\/portal\/wp-json\/wp\/v2\/tags?post=6827"}],"curies":[{"name":"wp","href":"https:\/\/api.w.org\/{rel}","templated":true}]}}