{"id":6825,"date":"2007-04-13T00:00:00","date_gmt":"2007-04-13T03:00:00","guid":{"rendered":"https:\/\/crea-mt.org.br\/portal\/inscricoes-abertas-para-o-iv-premio-confea-de-jornalismo-2\/"},"modified":"2007-04-13T00:00:00","modified_gmt":"2007-04-13T03:00:00","slug":"inscricoes-abertas-para-o-iv-premio-confea-de-jornalismo-2","status":"publish","type":"post","link":"https:\/\/www.crea-mt.org.br\/portal\/inscricoes-abertas-para-o-iv-premio-confea-de-jornalismo-2\/","title":{"rendered":"Inscri\u00e7\u00f5es abertas para o IV Pr\u00eamio Confea de Jornalismo"},"content":{"rendered":"<p>Est\u00e3o abertas as inscri\u00e7\u00f5es do IV Pr\u00eamio Confea de Jornalismo. O valor do ser\u00e1 de R$ 7 mil para as melhores mat\u00e9rias e fotos publicadas no per\u00edodo de 1\u00ba de julho de 2006 a 30 de junho de 2007, que abordem o tema &#8220;Pensar o Brasil: Educar &amp; inovar: responsabilidade social&#8221;. Os interessados podem concorrer nas categorias impresso (jornal ou revista), r\u00e1dio, TV, internet e fotografia.<\/p>\n<p>Universit\u00e1rios<br \/>\nA novidade deste ano ser\u00e1 a premia\u00e7\u00e3o de estudantes, no valor de R$ 3,5 mil, nas categorias impresso universit\u00e1rio e v\u00eddeo document\u00e1rio universit\u00e1rio.<\/p>\n<p>Podem se inscrever profissionais e estudantes de todo o pa\u00eds e est\u00e3o abertas at\u00e9 30 de junho de 2007.<\/p>\n<p>Veja o edital do concurso e o modelo da ficha de inscri\u00e7\u00e3o.<\/p>\n<p>Fonte:Confea<\/p>\n","protected":false},"excerpt":{"rendered":"<p>Est\u00e3o abertas as inscri\u00e7\u00f5es do IV Pr\u00eamio Confea de Jornalismo. O valor do ser\u00e1 de R$ 7 mil para as melhores mat\u00e9rias e fotos publicadas no per\u00edodo de 1\u00ba de julho de 2006 a 30 de junho de 2007, que abordem o tema &#8220;Pensar o Brasil: Educar &amp; inovar: responsabilidade social&#8221;. Os interessados podem concorrer [&hellip;]<\/p>\n","protected":false},"author":1,"featured_media":0,"comment_status":"open","ping_status":"open","sticky":false,"template":"","format":"standard","meta":{"footnotes":""},"categories":[1],"tags":[],"class_list":["post-6825","post","type-post","status-publish","format-standard","hentry","category-noticias"],"acf":[],"_links":{"self":[{"href":"https:\/\/www.crea-mt.org.br\/portal\/wp-json\/wp\/v2\/posts\/6825","targetHints":{"allow":["GET"]}}],"collection":[{"href":"https:\/\/www.crea-mt.org.br\/portal\/wp-json\/wp\/v2\/posts"}],"about":[{"href":"https:\/\/www.crea-mt.org.br\/portal\/wp-json\/wp\/v2\/types\/post"}],"author":[{"embeddable":true,"href":"https:\/\/www.crea-mt.org.br\/portal\/wp-json\/wp\/v2\/users\/1"}],"replies":[{"embeddable":true,"href":"https:\/\/www.crea-mt.org.br\/portal\/wp-json\/wp\/v2\/comments?post=6825"}],"version-history":[{"count":0,"href":"https:\/\/www.crea-mt.org.br\/portal\/wp-json\/wp\/v2\/posts\/6825\/revisions"}],"wp:attachment":[{"href":"https:\/\/www.crea-mt.org.br\/portal\/wp-json\/wp\/v2\/media?parent=6825"}],"wp:term":[{"taxonomy":"category","embeddable":true,"href":"https:\/\/www.crea-mt.org.br\/portal\/wp-json\/wp\/v2\/categories?post=6825"},{"taxonomy":"post_tag","embeddable":true,"href":"https:\/\/www.crea-mt.org.br\/portal\/wp-json\/wp\/v2\/tags?post=6825"}],"curies":[{"name":"wp","href":"https:\/\/api.w.org\/{rel}","templated":true}]}}