{"id":6824,"date":"2007-04-13T00:00:00","date_gmt":"2007-04-13T03:00:00","guid":{"rendered":"https:\/\/crea-mt.org.br\/portal\/corumba-sedia-congresso-estadual-do-crea-ms-no-dia-27-2\/"},"modified":"2007-04-13T00:00:00","modified_gmt":"2007-04-13T03:00:00","slug":"corumba-sedia-congresso-estadual-do-crea-ms-no-dia-27-2","status":"publish","type":"post","link":"https:\/\/www.crea-mt.org.br\/portal\/corumba-sedia-congresso-estadual-do-crea-ms-no-dia-27-2\/","title":{"rendered":"Corumb\u00e1 sedia Congresso Estadual do Crea-MS no dia 27"},"content":{"rendered":"<p>Corumb\u00e1 sediar\u00e1, na sexta-feira 27 de abril, a primeira etapa do &#8220;Congresso Estadual de Profissional (5\u00b0 CEP)&#8221;, promovido pelo Conselho Regional de Engenharia, Arquitetura e Agronomia de Mato Grosso do Sul (Crea-MS) e que espera reunir profissionais da \u00e1rea tecnol\u00f3gica da regi\u00e3o para discutir &#8220;A constru\u00e7\u00e3o de uma sociedade mais justa para o estado de Mato Grosso do Sul&#8221;.<\/p>\n<p>O evento ser\u00e1 aberto \u00e0s 8h e acontecer\u00e1 no audit\u00f3rio Salom\u00e3o Baruki, da Universidade Federal de Mato Grosso do Sul (UFMS). O senador da Rep\u00fablica e engenheiro eletricista Delc\u00eddio do Amaral ministrar\u00e1 \u00e0s 08h30, a palestra &#8220;Um Conselho multiprofissional &#8211; Engenharia, Arquitetura e Agronomia &#8211; \u00e9 essencial para a formula\u00e7\u00e3o e execu\u00e7\u00e3o de um projeto nacional de desenvolvimento sustent\u00e1vel&#8221;, seguida de um debate, \u00e0s 10h30.<\/p>\n<p>A partir das 14h, o presidente do Crea-MS, engenheiro civil Amarildo Melo, ministra a palestra &#8220;A ART expressa a responsabilidade t\u00e9cnica do profissional e \u00e9 fundamental para garantir a qualidade dos produtos, obras e servi\u00e7os decorrentes de suas atividades, em defesa da sociedade&#8221;, seguida de um debate, \u00e0s 16h.<\/p>\n<p>Conselhos Regionais de todo o Brasil est\u00e3o preparando congressos estaduais, de onde sair\u00e3o as diretrizes que ser\u00e3o discutidas no 6\u00ba Congresso Nacional de Profissionais (6\u00ba CNP), realizado em agosto pr\u00f3ximo, no Rio de Janeiro, e que nesta edi\u00e7\u00e3o tem como tema central Pacto Profissional e Social, envolvendo os princ\u00edpios \u00e9ticos da Engenharia, Arquitetura, da Agronomia, da Geologia, da Geografia e da Meteorologia.<\/p>\n<p>De acordo com o presidente do Crea-MS, engenheiro Amarildo Melo, essa iniciativa do Sistema Confea\/Crea em promover essas discuss\u00f5es tem o objetivo principal de afirmar o papel dos profissionais das \u00e1reas da Engenharia, Arquitetura, Agronomia, Geologia, Geografia, Meteorologia na defesa dos interesses humanos e sociais no desenvolvimento sustent\u00e1vel do Pa\u00eds.<\/p>\n<p>As inscri\u00e7\u00f5es podem ser feitas no site do Crea-MS &#8211; www.creams.org.br ou na Inspetoria do Crea, em Corumb\u00e1. Mais informa\u00e7\u00f5es podem ser obtidas pelo telefone 67- 3231-4304. A participa\u00e7\u00e3o no evento custa 1kg de alimento n\u00e3o-perec\u00edvel. As doa\u00e7\u00f5es ser\u00e3o repassadas a uma institui\u00e7\u00e3o assistencial de Corumb\u00e1. <\/p>\n<p>Fonte: Corumb\u00e1 On Line<\/p>\n","protected":false},"excerpt":{"rendered":"<p>Corumb\u00e1 sediar\u00e1, na sexta-feira 27 de abril, a primeira etapa do &#8220;Congresso Estadual de Profissional (5\u00b0 CEP)&#8221;, promovido pelo Conselho Regional de Engenharia, Arquitetura e Agronomia de Mato Grosso do Sul (Crea-MS) e que espera reunir profissionais da \u00e1rea tecnol\u00f3gica da regi\u00e3o para discutir &#8220;A constru\u00e7\u00e3o de uma sociedade mais justa para o estado de [&hellip;]<\/p>\n","protected":false},"author":1,"featured_media":0,"comment_status":"open","ping_status":"open","sticky":false,"template":"","format":"standard","meta":{"footnotes":""},"categories":[1],"tags":[],"class_list":["post-6824","post","type-post","status-publish","format-standard","hentry","category-noticias"],"acf":[],"_links":{"self":[{"href":"https:\/\/www.crea-mt.org.br\/portal\/wp-json\/wp\/v2\/posts\/6824","targetHints":{"allow":["GET"]}}],"collection":[{"href":"https:\/\/www.crea-mt.org.br\/portal\/wp-json\/wp\/v2\/posts"}],"about":[{"href":"https:\/\/www.crea-mt.org.br\/portal\/wp-json\/wp\/v2\/types\/post"}],"author":[{"embeddable":true,"href":"https:\/\/www.crea-mt.org.br\/portal\/wp-json\/wp\/v2\/users\/1"}],"replies":[{"embeddable":true,"href":"https:\/\/www.crea-mt.org.br\/portal\/wp-json\/wp\/v2\/comments?post=6824"}],"version-history":[{"count":0,"href":"https:\/\/www.crea-mt.org.br\/portal\/wp-json\/wp\/v2\/posts\/6824\/revisions"}],"wp:attachment":[{"href":"https:\/\/www.crea-mt.org.br\/portal\/wp-json\/wp\/v2\/media?parent=6824"}],"wp:term":[{"taxonomy":"category","embeddable":true,"href":"https:\/\/www.crea-mt.org.br\/portal\/wp-json\/wp\/v2\/categories?post=6824"},{"taxonomy":"post_tag","embeddable":true,"href":"https:\/\/www.crea-mt.org.br\/portal\/wp-json\/wp\/v2\/tags?post=6824"}],"curies":[{"name":"wp","href":"https:\/\/api.w.org\/{rel}","templated":true}]}}