{"id":6822,"date":"2007-04-13T00:00:00","date_gmt":"2007-04-13T03:00:00","guid":{"rendered":"https:\/\/crea-mt.org.br\/portal\/especialistas-pedem-mais-controle-sobre-lodo-de-esgoto-que-vai-para-a-agricultura\/"},"modified":"2007-04-13T00:00:00","modified_gmt":"2007-04-13T03:00:00","slug":"especialistas-pedem-mais-controle-sobre-lodo-de-esgoto-que-vai-para-a-agricultura","status":"publish","type":"post","link":"https:\/\/www.crea-mt.org.br\/portal\/especialistas-pedem-mais-controle-sobre-lodo-de-esgoto-que-vai-para-a-agricultura\/","title":{"rendered":"Especialistas pedem mais controle sobre lodo de esgoto que vai para a agricultura"},"content":{"rendered":"<p>A sociedade precisa discutir novas formas de reciclar o lodo de esgoto e desenvolver mecanismos para controlar a qualidade do material destinado pela Sanepar a produtores rurais. Estas foram algumas das conclus\u00f5es do 1.\u00b0 Semin\u00e1rio Estadual sobre Uso de Lodo Agr\u00edcola, ocorrido na quarta-feira (11) no c\u00e2mpus Jardim Bot\u00e2nico da Universidade Federal do Paran\u00e1, em Curitiba. O evento foi promovido pelo Conselho Regional de Engenharia, Arquitetura e Agronomia (Crea) do Paran\u00e1. <\/p>\n<p>A principal d\u00favida dos t\u00e9cnicos \u00e9 em rela\u00e7\u00e3o \u00e0 qualidade do lodo destinado a produtores rurais da regi\u00e3o metropolitana de Curitiba. A resolu\u00e7\u00e3o 375 do Conselho Nacional do Meio Ambiente (Conama), em vigor desde o ano passado, classifica o material em duas classes. O lodo classe A, submetido a v\u00e1rios processos de purifica\u00e7\u00e3o, \u00e9 o mais seguro para a agricultura. J\u00e1 o classe B, obtido a partir da aplica\u00e7\u00e3o de cal, requer uma s\u00e9rie de cuidados e s\u00f3 pode ser utilizado em algumas culturas. <\/p>\n<p>Os t\u00e9cnicos da Sanepar dizem que o lodo da empresa tem &#8220;caracter\u00edsticas similares&#8221; ao classe A &#8211; que, pela resolu\u00e7\u00e3o do Conama, pode ter no m\u00e1ximo 0,25 ovo de helminto (vermes) por grama. Mas segundo a engenheira civil Marlise Tereza Eggers, da prefeitura de Curitiba, dois lotes analisados em 2005 apresentaram \u00edndices de 0,44 e 0,46. Marlise integra a comiss\u00e3o que analisa o contrato da prefeitura de Curitiba com a Sanepar. <\/p>\n<p>&#8220;Pelos laudos apresentados, o Crea entende que o lodo produzido em Curitiba n\u00e3o \u00e9 classe A&#8221;, afirmou Jos\u00e9 Croce Filho, coordenador da C\u00e2mara de Agronomia do Crea. &#8220;Precisamos discutir o assunto. Entendemos que a tecnologia da Sanepar n\u00e3o \u00e9 a \u00fanica&#8221;. A preocupa\u00e7\u00e3o do presidente do Crea, \u00c1lvaro Cabrini J\u00fanior, \u00e9 similiar. &#8220;\u00c9 preciso saber se a popula\u00e7\u00e3o est\u00e1 correndo risco de contamina\u00e7\u00e3o e se todo o lodo est\u00e1 sendo processado&#8221;, disse, lembrando que a popula\u00e7\u00e3o paga pelo tratamento do esgoto.<\/p>\n<p>Fonte: Gazeta do Povo<\/p>\n","protected":false},"excerpt":{"rendered":"<p>A sociedade precisa discutir novas formas de reciclar o lodo de esgoto e desenvolver mecanismos para controlar a qualidade do material destinado pela Sanepar a produtores rurais. Estas foram algumas das conclus\u00f5es do 1.\u00b0 Semin\u00e1rio Estadual sobre Uso de Lodo Agr\u00edcola, ocorrido na quarta-feira (11) no c\u00e2mpus Jardim Bot\u00e2nico da Universidade Federal do Paran\u00e1, em [&hellip;]<\/p>\n","protected":false},"author":1,"featured_media":0,"comment_status":"open","ping_status":"open","sticky":false,"template":"","format":"standard","meta":{"footnotes":""},"categories":[1],"tags":[],"class_list":["post-6822","post","type-post","status-publish","format-standard","hentry","category-noticias"],"acf":[],"_links":{"self":[{"href":"https:\/\/www.crea-mt.org.br\/portal\/wp-json\/wp\/v2\/posts\/6822","targetHints":{"allow":["GET"]}}],"collection":[{"href":"https:\/\/www.crea-mt.org.br\/portal\/wp-json\/wp\/v2\/posts"}],"about":[{"href":"https:\/\/www.crea-mt.org.br\/portal\/wp-json\/wp\/v2\/types\/post"}],"author":[{"embeddable":true,"href":"https:\/\/www.crea-mt.org.br\/portal\/wp-json\/wp\/v2\/users\/1"}],"replies":[{"embeddable":true,"href":"https:\/\/www.crea-mt.org.br\/portal\/wp-json\/wp\/v2\/comments?post=6822"}],"version-history":[{"count":0,"href":"https:\/\/www.crea-mt.org.br\/portal\/wp-json\/wp\/v2\/posts\/6822\/revisions"}],"wp:attachment":[{"href":"https:\/\/www.crea-mt.org.br\/portal\/wp-json\/wp\/v2\/media?parent=6822"}],"wp:term":[{"taxonomy":"category","embeddable":true,"href":"https:\/\/www.crea-mt.org.br\/portal\/wp-json\/wp\/v2\/categories?post=6822"},{"taxonomy":"post_tag","embeddable":true,"href":"https:\/\/www.crea-mt.org.br\/portal\/wp-json\/wp\/v2\/tags?post=6822"}],"curies":[{"name":"wp","href":"https:\/\/api.w.org\/{rel}","templated":true}]}}