{"id":68211,"date":"2026-03-09T16:22:58","date_gmt":"2026-03-09T20:22:58","guid":{"rendered":"https:\/\/www.crea-mt.org.br\/portal\/?p=68211"},"modified":"2026-03-09T16:22:58","modified_gmt":"2026-03-09T20:22:58","slug":"solicitacoes-de-isencao-da-anuidade-para-titular-unico-de-empresa-devem-ser-realizadas-ate-31-de-marco","status":"publish","type":"post","link":"https:\/\/www.crea-mt.org.br\/portal\/solicitacoes-de-isencao-da-anuidade-para-titular-unico-de-empresa-devem-ser-realizadas-ate-31-de-marco\/","title":{"rendered":"Solicita\u00e7\u00f5es de isen\u00e7\u00e3o da anuidade para titular \u00fanico de empresa devem ser realizadas at\u00e9 31 de mar\u00e7o"},"content":{"rendered":"<p><img loading=\"lazy\" decoding=\"async\" class=\"aligncenter  wp-image-67608\" src=\"https:\/\/www.crea-mt.org.br\/portal\/wp-content\/uploads\/2025\/12\/selo_isencao_anuidade.jpeg\" alt=\"\" width=\"564\" height=\"307\" srcset=\"https:\/\/www.crea-mt.org.br\/portal\/wp-content\/uploads\/2025\/12\/selo_isencao_anuidade.jpeg 440w, https:\/\/www.crea-mt.org.br\/portal\/wp-content\/uploads\/2025\/12\/selo_isencao_anuidade-336x183.jpeg 336w\" sizes=\"auto, (max-width: 564px) 100vw, 564px\" \/><\/p>\n<p>O Conselho Regional de Engenharia e Agronomia de Mato Grosso (Crea-MT) informa que as solicita\u00e7\u00f5es de isen\u00e7\u00e3o da anuidade de pessoa f\u00edsica para titular \u00fanico de empresa <strong>podem ser realizadas somente at\u00e9 do dia 31 de mar\u00e7o. <\/strong>O profissional enquadrado no desconto, deve fazer o requerimento, juntando todos os documentos necess\u00e1rios e atualizados que comprovem a natureza empresarial e demais requisitos para concess\u00e3o do benef\u00edcio.<\/p>\n<p>A mudan\u00e7a foi anunciada pelo Conselho Federal de Engenharia e Agronomia (Confea) atrav\u00e9s da Resolu\u00e7\u00e3o n\u00ba 1.158\/2025 no qual estabelece isen\u00e7\u00e3o da anuidade de <strong>pessoa f\u00edsica ao profissional titular \u00fanico de empresa individual, sociedade limitada unipessoal ou outra forma de organiza\u00e7\u00e3o empresarial, que recolher a anuidade da pessoa jur\u00eddica perante o Crea.\u00a0<\/strong><\/p>\n<p><strong>A isen\u00e7\u00e3o deve ser solicitada, exclusivamente pelo <a href=\"https:\/\/ecrea.crea-mt.org.br\/Autenticacao\/Login?ReturnUrl=%2f\">Sistema eCrea<\/a>.\u00a0<\/strong>O profissional tamb\u00e9m <strong>precisa realizar o pagamento da anuidade da empresa at\u00e9 o dia 31 de mar\u00e7o.<\/strong> Caso n\u00e3o realize o pagamento, perder\u00e1 o direito \u00e0 isen\u00e7\u00e3o. Nesse caso, ser\u00e1 cobrado o valor normal de ambas as anuidades, corrigidos e acrescidos de multa, juros e demais encargos morat\u00f3rios e pass\u00edveis de inscri\u00e7\u00e3o em d\u00edvida ativa.<\/p>\n<p>O profissional que n\u00e3o solicitar a isen\u00e7\u00e3o at\u00e9 o dia 31 de mar\u00e7o, ainda que tenha realizado o pagamento da anuidade da empresa, perder\u00e1 o direito \u00e0 isen\u00e7\u00e3o. Nesse caso, ser\u00e1 cobrado o valor normal de ambas as anuidades, corrigidos e acrescidos de multa, juros e demais encargos morat\u00f3rios e pass\u00edveis de inscri\u00e7\u00e3o em d\u00edvida ativa.<\/p>\n<h3><\/h3>\n<h3>Anuidade<\/h3>\n<p>Por meio da Portaria n\u00b0 082\/2025, o Conselho Regional de Engenharia e Agronomia de Mato Grosso (Crea-MT), divulgou os valores atualizados referentes \u00e0\u00a0<strong>anuidade de pessoas f\u00edsicas e jur\u00eddicas de 2026<\/strong>. A portaria contempla as resolu\u00e7\u00f5es n.\u00ba 1.158\/2025, que disp\u00f5e sobre a isen\u00e7\u00e3o da anuidade de pessoa f\u00edsica ao profissional titular \u00fanico de empresa individual, sociedade limitada unipessoal ou outra forma de organiza\u00e7\u00e3o empresarial; e a n.\u00b0 1.161, de 11 de dezembro de 2025, que garante a isen\u00e7\u00e3o da anuidade a profissionais rec\u00e9m-formados. Confira abaixo os valores para pessoa f\u00edsica:<\/p>\n<p><img loading=\"lazy\" decoding=\"async\" class=\"aligncenter  wp-image-67628\" src=\"https:\/\/www.crea-mt.org.br\/portal\/wp-content\/uploads\/2025\/12\/anuidade-pessoa-fisica.png\" alt=\"\" width=\"624\" height=\"161\" srcset=\"https:\/\/www.crea-mt.org.br\/portal\/wp-content\/uploads\/2025\/12\/anuidade-pessoa-fisica.png 594w, https:\/\/www.crea-mt.org.br\/portal\/wp-content\/uploads\/2025\/12\/anuidade-pessoa-fisica-543x140.png 543w, https:\/\/www.crea-mt.org.br\/portal\/wp-content\/uploads\/2025\/12\/anuidade-pessoa-fisica-336x87.png 336w\" sizes=\"auto, (max-width: 624px) 100vw, 624px\" \/><\/p>\n<p>&nbsp;<\/p>\n<p>A anuidade poder\u00e1 ser<strong>\u00a0parcelada em at\u00e9 6 (seis) vezes<\/strong>. Veja os valores para pessoa jur\u00eddica:<\/p>\n<p>&nbsp;<\/p>\n<p><img loading=\"lazy\" decoding=\"async\" class=\"aligncenter  wp-image-67629\" src=\"https:\/\/www.crea-mt.org.br\/portal\/wp-content\/uploads\/2025\/12\/anuidade-pessoa-juridica.png\" alt=\"\" width=\"625\" height=\"443\" srcset=\"https:\/\/www.crea-mt.org.br\/portal\/wp-content\/uploads\/2025\/12\/anuidade-pessoa-juridica.png 635w, https:\/\/www.crea-mt.org.br\/portal\/wp-content\/uploads\/2025\/12\/anuidade-pessoa-juridica-543x384.png 543w, https:\/\/www.crea-mt.org.br\/portal\/wp-content\/uploads\/2025\/12\/anuidade-pessoa-juridica-336x238.png 336w\" sizes=\"auto, (max-width: 625px) 100vw, 625px\" \/><\/p>\n<p>&nbsp;<\/p>\n<p>Al\u00e9m do desconto, foi aprovado durante a Sess\u00e3o Plen\u00e1ria n\u00ba 1132, a isen\u00e7\u00e3o da anuidade para profissionais rec\u00e9m-formados, ampliando benef\u00edcios e fortalecendo a integra\u00e7\u00e3o entre estudantes, jovens profissionais e os Creas. Conforme a portaria n\u00b0 082\/2025 do Crea-MT, <strong>a isen\u00e7\u00e3o correspondente ao exerc\u00edcio em que ocorrer o primeiro registro, desde que o requerimento seja apresentado no prazo de at\u00e9 6 (seis) meses, contado da data de conclus\u00e3o do curso.\u00a0<\/strong>Para rec\u00e9m-formados que apresentarem no prazo de at\u00e9 1 ano, contado da data de conclus\u00e3o do curso, ter\u00e3o 90% de desconto na anuidade.<\/p>\n<p>J\u00e1 o desconto de 90% e incidir\u00e1 sobre o valor da anuidade estabelecida para o exerc\u00edcio, n\u00e3o havendo acumula\u00e7\u00e3o de benef\u00edcio ou parcelamento devendo o pagamento ser efetuado em cota \u00fanica para os seguintes casos:<\/p>\n<ul>\n<li>Ao profissional do sexo masculino a partir de 65 anos de idade completos at\u00e9 31\/12\/2025, ou 35 anos ininterruptos de registro no Sistema Confea\/Crea completos at\u00e9 31\/12\/2025, n\u00e3o sendo considerados o per\u00edodo em que o profissional esteve com seu registro cancelado ou interrompido.<\/li>\n<li>Ao profissional do sexo feminino a partir de 60 anos de idade completos at\u00e9 31\/12\/2025, ou 30 anos ininterruptos de registro no Sistema Confea\/Crea completos at\u00e9 31\/12\/2025, n\u00e3o sendo considerados o per\u00edodo em que o profissional esteve com seu registro cancelado ou interrompido.<\/li>\n<li>Ao profissional portador de doen\u00e7a grave que resulte em incapacita\u00e7\u00e3o tempor\u00e1ria para o exerc\u00edcio profissional, comprovada mediante laudo m\u00e9dico.<\/li>\n<\/ul>\n<p>A concess\u00e3o dos descontos ser\u00e1 analisada mediante ao requerimento do(a) interessado(a) atrav\u00e9s do seu acesso pessoal na plataforma institucional do Crea-MT,\u00a0<strong>via Sistema eCrea.<\/strong><\/p>\n<p>Para conferir como emitir os boletos, basta acessar a\u00a0<a href=\"https:\/\/www.crea-mt.org.br\/portal\/art\/manuais\/\">aba de Manuais<\/a>.<\/p>\n<p>&nbsp;<\/p>\n<h5>Assessoria de Comunica\u00e7\u00e3o do Crea-MT<\/h5>\n","protected":false},"excerpt":{"rendered":"<p>O Conselho Regional de Engenharia e Agronomia de Mato Grosso (Crea-MT) informa que as solicita\u00e7\u00f5es de isen\u00e7\u00e3o da anuidade de pessoa f\u00edsica para titular \u00fanico de empresa podem ser realizadas somente at\u00e9 do dia 31 de mar\u00e7o. O profissional enquadrado no desconto, deve fazer o requerimento, juntando todos os documentos necess\u00e1rios e atualizados que comprovem [&hellip;]<\/p>\n","protected":false},"author":2,"featured_media":67608,"comment_status":"closed","ping_status":"closed","sticky":false,"template":"","format":"standard","meta":{"footnotes":""},"categories":[1],"tags":[],"class_list":["post-68211","post","type-post","status-publish","format-standard","has-post-thumbnail","hentry","category-noticias"],"acf":[],"_links":{"self":[{"href":"https:\/\/www.crea-mt.org.br\/portal\/wp-json\/wp\/v2\/posts\/68211","targetHints":{"allow":["GET"]}}],"collection":[{"href":"https:\/\/www.crea-mt.org.br\/portal\/wp-json\/wp\/v2\/posts"}],"about":[{"href":"https:\/\/www.crea-mt.org.br\/portal\/wp-json\/wp\/v2\/types\/post"}],"author":[{"embeddable":true,"href":"https:\/\/www.crea-mt.org.br\/portal\/wp-json\/wp\/v2\/users\/2"}],"replies":[{"embeddable":true,"href":"https:\/\/www.crea-mt.org.br\/portal\/wp-json\/wp\/v2\/comments?post=68211"}],"version-history":[{"count":1,"href":"https:\/\/www.crea-mt.org.br\/portal\/wp-json\/wp\/v2\/posts\/68211\/revisions"}],"predecessor-version":[{"id":68212,"href":"https:\/\/www.crea-mt.org.br\/portal\/wp-json\/wp\/v2\/posts\/68211\/revisions\/68212"}],"wp:featuredmedia":[{"embeddable":true,"href":"https:\/\/www.crea-mt.org.br\/portal\/wp-json\/wp\/v2\/media\/67608"}],"wp:attachment":[{"href":"https:\/\/www.crea-mt.org.br\/portal\/wp-json\/wp\/v2\/media?parent=68211"}],"wp:term":[{"taxonomy":"category","embeddable":true,"href":"https:\/\/www.crea-mt.org.br\/portal\/wp-json\/wp\/v2\/categories?post=68211"},{"taxonomy":"post_tag","embeddable":true,"href":"https:\/\/www.crea-mt.org.br\/portal\/wp-json\/wp\/v2\/tags?post=68211"}],"curies":[{"name":"wp","href":"https:\/\/api.w.org\/{rel}","templated":true}]}}