{"id":6821,"date":"2007-04-13T00:00:00","date_gmt":"2007-04-13T03:00:00","guid":{"rendered":"https:\/\/crea-mt.org.br\/portal\/comissao-debate-diagnostico-do-setor-florestal-de-mato-grosso\/"},"modified":"2007-04-13T00:00:00","modified_gmt":"2007-04-13T03:00:00","slug":"comissao-debate-diagnostico-do-setor-florestal-de-mato-grosso","status":"publish","type":"post","link":"https:\/\/www.crea-mt.org.br\/portal\/comissao-debate-diagnostico-do-setor-florestal-de-mato-grosso\/","title":{"rendered":"Comiss\u00e3o debate diagn\u00f3stico do setor florestal de Mato Grosso"},"content":{"rendered":"<p>A Comiss\u00e3o de Meio Ambiente da Ordem dos Advogados de Mato Grosso (OAB-MT) se re\u00fane com outras sete entidades governamentais e a Associa\u00e7\u00e3o Mato-grossense de Engenheiros Florestais (Amef), durante a manh\u00e3 desta sexta-feira (13.04), para buscar um diagn\u00f3stico do setor florestal do estado e fazer as altera\u00e7\u00f5es necess\u00e1rias na Legisla\u00e7\u00e3o Ambiental do estado.<\/p>\n<p>De acordo com o presidente da Comiss\u00e3o, o advogado Leonardo Pio da Silva Campos, esse trabalho vem sendo desenvolvido desde 2005 quando por decreto o Governo do Estado optou por rever a Legisla\u00e7\u00e3o Ambiental existente. &#8220;Os trabalhos foram divididos entre oito institui\u00e7\u00f5es por grupos tem\u00e1ticos. No caso da OAB: a situa\u00e7\u00e3o das florestas no estado&#8221;, explicou Leonardo.<\/p>\n<p>Tamb\u00e9m participam o Minist\u00e9rio P\u00fablico Estadual e Federal, Famato, Fiemt, Governo do Estado, Sema e Assembl\u00e9ia Legislativa. A reuni\u00e3o ocorre na plen\u00e1ria do Conselho Regional de Engenharia, Arquitetura e Agronomia de Mato Grosso (Crea-MT) na manh\u00e3 desta sexta-feira. <\/p>\n<p>Fonte: Jornal O Documento<\/p>\n","protected":false},"excerpt":{"rendered":"<p>A Comiss\u00e3o de Meio Ambiente da Ordem dos Advogados de Mato Grosso (OAB-MT) se re\u00fane com outras sete entidades governamentais e a Associa\u00e7\u00e3o Mato-grossense de Engenheiros Florestais (Amef), durante a manh\u00e3 desta sexta-feira (13.04), para buscar um diagn\u00f3stico do setor florestal do estado e fazer as altera\u00e7\u00f5es necess\u00e1rias na Legisla\u00e7\u00e3o Ambiental do estado. De acordo [&hellip;]<\/p>\n","protected":false},"author":1,"featured_media":0,"comment_status":"open","ping_status":"open","sticky":false,"template":"","format":"standard","meta":{"footnotes":""},"categories":[1],"tags":[],"class_list":["post-6821","post","type-post","status-publish","format-standard","hentry","category-noticias"],"acf":[],"_links":{"self":[{"href":"https:\/\/www.crea-mt.org.br\/portal\/wp-json\/wp\/v2\/posts\/6821","targetHints":{"allow":["GET"]}}],"collection":[{"href":"https:\/\/www.crea-mt.org.br\/portal\/wp-json\/wp\/v2\/posts"}],"about":[{"href":"https:\/\/www.crea-mt.org.br\/portal\/wp-json\/wp\/v2\/types\/post"}],"author":[{"embeddable":true,"href":"https:\/\/www.crea-mt.org.br\/portal\/wp-json\/wp\/v2\/users\/1"}],"replies":[{"embeddable":true,"href":"https:\/\/www.crea-mt.org.br\/portal\/wp-json\/wp\/v2\/comments?post=6821"}],"version-history":[{"count":0,"href":"https:\/\/www.crea-mt.org.br\/portal\/wp-json\/wp\/v2\/posts\/6821\/revisions"}],"wp:attachment":[{"href":"https:\/\/www.crea-mt.org.br\/portal\/wp-json\/wp\/v2\/media?parent=6821"}],"wp:term":[{"taxonomy":"category","embeddable":true,"href":"https:\/\/www.crea-mt.org.br\/portal\/wp-json\/wp\/v2\/categories?post=6821"},{"taxonomy":"post_tag","embeddable":true,"href":"https:\/\/www.crea-mt.org.br\/portal\/wp-json\/wp\/v2\/tags?post=6821"}],"curies":[{"name":"wp","href":"https:\/\/api.w.org\/{rel}","templated":true}]}}