{"id":6820,"date":"2007-04-13T00:00:00","date_gmt":"2007-04-13T03:00:00","guid":{"rendered":"https:\/\/crea-mt.org.br\/portal\/anatel-proibe-teles-de-oferecer-planos-em-minutos\/"},"modified":"2007-04-13T00:00:00","modified_gmt":"2007-04-13T03:00:00","slug":"anatel-proibe-teles-de-oferecer-planos-em-minutos","status":"publish","type":"post","link":"https:\/\/www.crea-mt.org.br\/portal\/anatel-proibe-teles-de-oferecer-planos-em-minutos\/","title":{"rendered":"Anatel pro\u00edbe teles de oferecer planos em minutos"},"content":{"rendered":"<p>Fonte:Folha Online<\/p>\n<p>A Anatel (Ag\u00eancia Nacional de Telecomunica\u00e7\u00f5es) atendeu a solicita\u00e7\u00e3o do Procon-SP e suspendeu a divulga\u00e7\u00e3o e propaganda, por parte das empresas, dos planos alternativos ao segmento dom\u00e9stico at\u00e9 31 de julho de 2007. Assim, as empresas devem manter a orienta\u00e7\u00e3o dos dois planos obrigat\u00f3rios (Plano B\u00e1sico de Servi\u00e7os e Plano Alternativo de Servi\u00e7o de Oferta Obrigat\u00f3ria, o Pasoo).<\/p>\n<p>A decis\u00e3o ressalta que a &#8220;publicidade relativa aos planos obrigat\u00f3rios, estabelecida na regulamenta\u00e7\u00e3o, seja feita de forma precisa, clara e separada de qualquer comunica\u00e7\u00e3o publicit\u00e1ria de outros planos comerciais&#8221;.<\/p>\n<p>Para o Procon, &#8220;a decis\u00e3o \u00e9 uma vit\u00f3ria para o consumidor, que ter\u00e1 a transpar\u00eancia necess\u00e1ria para optar consciente por um dos planos oferecidos na nova modalidade de cobran\u00e7a.&#8221;<\/p>\n<p>A orienta\u00e7\u00e3o da entidade de defesa do consumidor \u00e9 que o usu\u00e1rios de telefonia fixa deve procurar conhecer seu perfil de consumo antes de tomar a decis\u00e3o. &#8220;Sem esse procedimento, cria-se a possibilidade de preju\u00edzos ao consumidor, decorrentes da migra\u00e7\u00e3o autom\u00e1tica ao Plano B\u00e1sico, se este n\u00e3o for adequado \u00e0s suas demandas de utiliza\u00e7\u00e3o&#8221;, informa.<\/p>\n<p>Estudos do Procon-SP revelam que a melhor op\u00e7\u00e3o depende de como o consumidor usa a linha telef\u00f4nica: tipo de liga\u00e7\u00f5es, tempo m\u00e9dio de cada liga\u00e7\u00e3o, se usa internet discada, entre outras caracter\u00edsticas.<\/p>\n<p>A migra\u00e7\u00e3o da cobran\u00e7a de pulso para minuto foi iniciada no Estado de S\u00e3o Paulo a partir da regi\u00e3o de S\u00e3o Jos\u00e9 do Rio Preto, e ser\u00e1 gradual, terminando em julho deste ano.<\/p>\n<p>Segundo proje\u00e7\u00f5es feitas pelo Procon-SP, para liga\u00e7\u00f5es inferiores a dois minutos e 30 segundos de dura\u00e7\u00e3o, a tarifa do Plano B\u00e1sico \u00e9 mais vantajosa. A partir de dois minutos e 30 segundos de dura\u00e7\u00e3o, a chamada tem valor inferior no Plano Alternativo (Pasoo).<\/p>\n","protected":false},"excerpt":{"rendered":"<p>Fonte:Folha Online A Anatel (Ag\u00eancia Nacional de Telecomunica\u00e7\u00f5es) atendeu a solicita\u00e7\u00e3o do Procon-SP e suspendeu a divulga\u00e7\u00e3o e propaganda, por parte das empresas, dos planos alternativos ao segmento dom\u00e9stico at\u00e9 31 de julho de 2007. Assim, as empresas devem manter a orienta\u00e7\u00e3o dos dois planos obrigat\u00f3rios (Plano B\u00e1sico de Servi\u00e7os e Plano Alternativo de Servi\u00e7o [&hellip;]<\/p>\n","protected":false},"author":1,"featured_media":0,"comment_status":"open","ping_status":"open","sticky":false,"template":"","format":"standard","meta":{"footnotes":""},"categories":[1],"tags":[],"class_list":["post-6820","post","type-post","status-publish","format-standard","hentry","category-noticias"],"acf":[],"_links":{"self":[{"href":"https:\/\/www.crea-mt.org.br\/portal\/wp-json\/wp\/v2\/posts\/6820","targetHints":{"allow":["GET"]}}],"collection":[{"href":"https:\/\/www.crea-mt.org.br\/portal\/wp-json\/wp\/v2\/posts"}],"about":[{"href":"https:\/\/www.crea-mt.org.br\/portal\/wp-json\/wp\/v2\/types\/post"}],"author":[{"embeddable":true,"href":"https:\/\/www.crea-mt.org.br\/portal\/wp-json\/wp\/v2\/users\/1"}],"replies":[{"embeddable":true,"href":"https:\/\/www.crea-mt.org.br\/portal\/wp-json\/wp\/v2\/comments?post=6820"}],"version-history":[{"count":0,"href":"https:\/\/www.crea-mt.org.br\/portal\/wp-json\/wp\/v2\/posts\/6820\/revisions"}],"wp:attachment":[{"href":"https:\/\/www.crea-mt.org.br\/portal\/wp-json\/wp\/v2\/media?parent=6820"}],"wp:term":[{"taxonomy":"category","embeddable":true,"href":"https:\/\/www.crea-mt.org.br\/portal\/wp-json\/wp\/v2\/categories?post=6820"},{"taxonomy":"post_tag","embeddable":true,"href":"https:\/\/www.crea-mt.org.br\/portal\/wp-json\/wp\/v2\/tags?post=6820"}],"curies":[{"name":"wp","href":"https:\/\/api.w.org\/{rel}","templated":true}]}}