{"id":6819,"date":"2007-04-13T00:00:00","date_gmt":"2007-04-13T03:00:00","guid":{"rendered":"https:\/\/crea-mt.org.br\/portal\/lula-recebe-presidente-do-bndes-cotado-para-deixar-o-cargo-2\/"},"modified":"2007-04-13T00:00:00","modified_gmt":"2007-04-13T03:00:00","slug":"lula-recebe-presidente-do-bndes-cotado-para-deixar-o-cargo-2","status":"publish","type":"post","link":"https:\/\/www.crea-mt.org.br\/portal\/lula-recebe-presidente-do-bndes-cotado-para-deixar-o-cargo-2\/","title":{"rendered":"Lula recebe presidente do BNDES, cotado para deixar o cargo"},"content":{"rendered":"<p>O presidente Luiz In\u00e1cio Lula da Silva se reuniu na manh\u00e3 desta sexta-feira, no Pal\u00e1cio do Planalto, com o presidente do BNDES (Banco Nacional de Desenvolvimento Econ\u00f4mico e Social), Demian Fiocca, que deve deixar o cargo.<\/p>\n<p>O governo n\u00e3o confirma a inten\u00e7\u00e3o de Lula de substitu\u00ed-lo no comando do banco, mas o presidente j\u00e1 discute nos bastidores um nome para a vaga.<\/p>\n<p>A expectativa \u00e9 que Lula anuncie o substituto de Fiocca somente na semana que vem. Um dos nomes indicados pelo ministro Miguel Jorge (Desenvolvimento) para assumir a presid\u00eancia do BNDES \u00e9 o de Gustavo Adolfo Funcia Murgel, que at\u00e9 junho de 2006 era vice-presidente-executivo de Atacado do Santander Banespa, mesma institui\u00e7\u00e3o em que Miguel Jorge trabalhava antes de assumir o Desenvolvimento.<\/p>\n<p>O ministro teria feito ainda outras duas indica\u00e7\u00f5es. Al\u00e9m deles, outros nomes tamb\u00e9m ser\u00e3o analisados pelo presidente Lula. Um nome tamb\u00e9m cotado \u00e9 o do economista Luciano Coutinho.<\/p>\n<p>O BNDES tem um or\u00e7amento de mais de R$ 60 bilh\u00f5es para emprestar ao setor privado. Diferente de seu antecessor, Luiz Fernando Furlan, Miguel Jorge ter\u00e1 a chance de ter um escolhido seu na presid\u00eancia do banco.<br \/>\nFonte:Folha Online <\/p>\n","protected":false},"excerpt":{"rendered":"<p>O presidente Luiz In\u00e1cio Lula da Silva se reuniu na manh\u00e3 desta sexta-feira, no Pal\u00e1cio do Planalto, com o presidente do BNDES (Banco Nacional de Desenvolvimento Econ\u00f4mico e Social), Demian Fiocca, que deve deixar o cargo. O governo n\u00e3o confirma a inten\u00e7\u00e3o de Lula de substitu\u00ed-lo no comando do banco, mas o presidente j\u00e1 discute [&hellip;]<\/p>\n","protected":false},"author":1,"featured_media":0,"comment_status":"open","ping_status":"open","sticky":false,"template":"","format":"standard","meta":{"footnotes":""},"categories":[1],"tags":[],"class_list":["post-6819","post","type-post","status-publish","format-standard","hentry","category-noticias"],"acf":[],"_links":{"self":[{"href":"https:\/\/www.crea-mt.org.br\/portal\/wp-json\/wp\/v2\/posts\/6819","targetHints":{"allow":["GET"]}}],"collection":[{"href":"https:\/\/www.crea-mt.org.br\/portal\/wp-json\/wp\/v2\/posts"}],"about":[{"href":"https:\/\/www.crea-mt.org.br\/portal\/wp-json\/wp\/v2\/types\/post"}],"author":[{"embeddable":true,"href":"https:\/\/www.crea-mt.org.br\/portal\/wp-json\/wp\/v2\/users\/1"}],"replies":[{"embeddable":true,"href":"https:\/\/www.crea-mt.org.br\/portal\/wp-json\/wp\/v2\/comments?post=6819"}],"version-history":[{"count":0,"href":"https:\/\/www.crea-mt.org.br\/portal\/wp-json\/wp\/v2\/posts\/6819\/revisions"}],"wp:attachment":[{"href":"https:\/\/www.crea-mt.org.br\/portal\/wp-json\/wp\/v2\/media?parent=6819"}],"wp:term":[{"taxonomy":"category","embeddable":true,"href":"https:\/\/www.crea-mt.org.br\/portal\/wp-json\/wp\/v2\/categories?post=6819"},{"taxonomy":"post_tag","embeddable":true,"href":"https:\/\/www.crea-mt.org.br\/portal\/wp-json\/wp\/v2\/tags?post=6819"}],"curies":[{"name":"wp","href":"https:\/\/api.w.org\/{rel}","templated":true}]}}