{"id":68187,"date":"2026-03-05T14:47:03","date_gmt":"2026-03-05T18:47:03","guid":{"rendered":"https:\/\/www.crea-mt.org.br\/portal\/?p=68187"},"modified":"2026-03-12T16:37:42","modified_gmt":"2026-03-12T20:37:42","slug":"crea-mt-realiza-4-treinamento-para-conselheiros-inspetores-e-entidades-de-classe-em-parceria-com-a-mutua","status":"publish","type":"post","link":"https:\/\/www.crea-mt.org.br\/portal\/crea-mt-realiza-4-treinamento-para-conselheiros-inspetores-e-entidades-de-classe-em-parceria-com-a-mutua\/","title":{"rendered":"Crea-MT realiza 4\u00b0 Treinamento para Conselheiros, Inspetores e Entidades de Classe em parceria com a M\u00fatua"},"content":{"rendered":"<p><img loading=\"lazy\" decoding=\"async\" class=\"aligncenter wp-image-68189\" src=\"https:\/\/www.crea-mt.org.br\/portal\/wp-content\/uploads\/2026\/03\/Mulheres-incriveis-celebrem-sua-forca-beleza-e-conquistas-3-847x710.png\" alt=\"\" width=\"511\" height=\"428\" srcset=\"https:\/\/www.crea-mt.org.br\/portal\/wp-content\/uploads\/2026\/03\/Mulheres-incriveis-celebrem-sua-forca-beleza-e-conquistas-3-847x710.png 847w, https:\/\/www.crea-mt.org.br\/portal\/wp-content\/uploads\/2026\/03\/Mulheres-incriveis-celebrem-sua-forca-beleza-e-conquistas-3-768x644.png 768w, https:\/\/www.crea-mt.org.br\/portal\/wp-content\/uploads\/2026\/03\/Mulheres-incriveis-celebrem-sua-forca-beleza-e-conquistas-3-543x455.png 543w, https:\/\/www.crea-mt.org.br\/portal\/wp-content\/uploads\/2026\/03\/Mulheres-incriveis-celebrem-sua-forca-beleza-e-conquistas-3-336x282.png 336w, https:\/\/www.crea-mt.org.br\/portal\/wp-content\/uploads\/2026\/03\/Mulheres-incriveis-celebrem-sua-forca-beleza-e-conquistas-3.png 940w\" sizes=\"auto, (max-width: 511px) 100vw, 511px\" \/><\/p>\n<p>&nbsp;<\/p>\n<p>O Conselho Regional de Engenharia e Agronomia de Mato Grosso (Crea-MT) em parceria com a M\u00fatua, realizar\u00e1, nos dias <strong>11, 12 e 13 de mar\u00e7o<\/strong>, o 4\u00b0 Treinamento para Conselheiros, Inspetores e Entidades de Classe, <strong>na sede do Conselho, em Cuiab\u00e1<\/strong>. A capacita\u00e7\u00e3o \u00e9 realizada todos os anos para orientar os novos profissionais com mandato em curso sobre o Sistema Confea\/Crea\/M\u00fatua, a \u00e9tica do Conselho, os processos internos e de Chamamento P\u00fablico e benef\u00edcios da Caixa de Assist\u00eancia dos Profissionais.<\/p>\n<p>O evento tem o objetivo de aprimorar o trabalho e as rotinas desempenhadas pelos conselheiros, inspetores, presidentes de entidade e colaboradores do interior do estado. O treinamento abordar\u00e1 temas como a import\u00e2ncia das C\u00e2maras Especializadas nos processos decis\u00f3rios, as comiss\u00f5es permanentes e comiss\u00f5es especiais.<\/p>\n<p>As C\u00e2maras tem por finalidade apreciar e decidir sobre os assuntos relacionados \u00e0 fiscaliza\u00e7\u00e3o do exerc\u00edcio profissional e sugerir medidas para o aperfei\u00e7oamento das atividades do Conselho.<\/p>\n<p>J\u00e1 a comiss\u00e3o permanente \u00e9 o \u00f3rg\u00e3o deliberativo de suporte do Crea, institu\u00eddo pelo Plen\u00e1rio, que tem por finalidade auxili\u00e1-lo no desenvolvimento de atividades cont\u00ednuas relacionadas a um tema espec\u00edfico de car\u00e1ter legal, t\u00e9cnico ou administrativo. Cabe as comiss\u00f5es analisar e instruir processos, elaborar propostas de plano de trabalho e prestar contas ao plen\u00e1rio. O Conselho possui quatro comiss\u00f5es permanentes:<\/p>\n<ul>\n<li>Legisla\u00e7\u00e3o e Normas;<\/li>\n<li>Or\u00e7amento e Tomada de Contas;<\/li>\n<li>\u00c9tica Profissional;<\/li>\n<li>Renova\u00e7\u00e3o do Ter\u00e7o.<\/li>\n<\/ul>\n<p>As comiss\u00f5es especiais auxiliam o \u00f3rg\u00e3o no desenvolvimento de atividades de car\u00e1ter tempor\u00e1rio, relacionadas a um tema espec\u00edfico que pode ser de car\u00e1ter legal, t\u00e9cnico ou administrativo, sendo elas:<\/p>\n<ul>\n<li>Comiss\u00e3o de M\u00e9rito;<\/li>\n<li>Comiss\u00e3o de Ensino;<\/li>\n<li>Comiss\u00e3o de Bens Inserv\u00edveis;<\/li>\n<li>Comiss\u00e3o Crea J\u00fanior;<\/li>\n<li>Comiss\u00e3o Eleitoral;<\/li>\n<li>Meio Ambiente;<\/li>\n<li>Programa Mulher do Crea-MT<\/li>\n<\/ul>\n<p>A participa\u00e7\u00e3o dos colaboradores tem a finalidade de garantir que, os envolvidos nos procedimentos internos, realizem os processos de entrega que o Conselho faz \u00e0 sociedade e principalmente aos p\u00fablicos de interesse da \u00e1rea de engenharia, agronomia e geoci\u00eancias.<\/p>\n<p>Confira a programa\u00e7\u00e3o completa abaixo:<\/p>\n<p>&nbsp;<\/p>\n<div>\n<div>\n<ul>\n<li><strong>11 de mar\u00e7o (Quarta-feira)<\/strong><\/li>\n<\/ul>\n<\/div>\n<div>\n<p>PARA REPRESENTANTES DE ENTIDADES DE CLASSE, SINDICATO E INSTITUI\u00c7\u00d5ES DE ENSINO<\/p>\n<\/div>\n<div>\n<p>8h &#8211; Abertura e boas-vindas com o presidente do Crea-MT e diretores da M\u00fatua &#8211; Palestrante: Eng. Civil Juares Samaniego<\/p>\n<\/div>\n<div>\n<p>9h &#8211; Treinamento M\u00fatua &#8211; Palestrante: Eng. Civil Marciane Prevedello Curvo<\/p>\n<\/div>\n<div>\n<p>12h &#8211; Almo\u00e7o<\/p>\n<\/div>\n<div>\n<p>14h &#8211; Treinamento Crea-MT (Parte I) &#8211; Palestrante: Brenda Guimar\u00e3es<\/p>\n<\/div>\n<div>\n<p>15h30 &#8211; Treinamento Crea-MT (Parte II) &#8211; Palestrante: Jacy Nilson Zanetti<\/p>\n<\/div>\n<div>\n<p>17h &#8211; Debate e encerramento<\/p>\n<p>&nbsp;<\/p>\n<\/div>\n<div>\n<ul>\n<li><strong>12 de mar\u00e7o (Quinta-feira)<\/strong><\/li>\n<\/ul>\n<\/div>\n<div>\n<p>PARA ENTIDADES DE CLASSE, SINDICATO E INSTITUI\u00c7\u00d5ES DE ENSINO, CONSELHEIROS TITULARES E SUPLENTES E INSPETORES<\/p>\n<\/div>\n<\/div>\n<div>\n<div>\n<p>8h &#8211; Abertura e Boas-vindas &#8211; Palestrante: Eng. Agr\u00f4nomo S\u00e9rgio Carvalho da Silva<\/p>\n<\/div>\n<div>\n<p>9h &#8211; Conhecendo o Sistema Confea\/Crea\/M\u00fatua &#8211; Palestrante: Helmut Flavio Preza Daltro e Marciane Prevedello Curvo<\/p>\n<\/div>\n<div>\n<p>12h &#8211; Almo\u00e7o<\/p>\n<\/div>\n<div>\n<p>14h &#8211; A Atua\u00e7\u00e3o do Conselheiro e Inspetores na Fiscaliza\u00e7\u00e3o e no Desenvolvimento Profissional &#8211; Palestrante: Andr\u00e9 Luiz Schuring<\/p>\n<\/div>\n<div>\n<p>15h30 &#8211; Fala Crea-GO<\/p>\n<\/div>\n<div>\n<p>17h &#8211; Debate e encerramento<\/p>\n<p>&nbsp;<\/p>\n<\/div>\n<div>\n<ul>\n<li><strong>13 de mar\u00e7o (Sexta-feira)<\/strong><\/li>\n<\/ul>\n<\/div>\n<div>\n<p>PARA ENTIDADES DE CLASSE, SINDICATO E INSTITUI\u00c7\u00d5ES DE ENSINO, CONSELHEIROS SUPLENTES E INSPETORES E COLABORADORES (ADMINISTRATIVO E FISCALIZA\u00c7\u00c3O)<\/p>\n<\/div>\n<div>\n<p>8h &#8211; Abertura e boas-vindas &#8211; Palestrante: Eng. Civil Juares Samaniego<\/p>\n<\/div>\n<div>\n<p>8h30 &#8211; Apresenta\u00e7\u00e3o da miss\u00e3o e vis\u00e3o do Crea-MT &#8211; Palestrante: Renilda Alcantara Kolhase e Ivanil Martins Almeida<\/p>\n<\/div>\n<div>\n<p>12h &#8211; Almo\u00e7o<\/p>\n<\/div>\n<div>\n<p>14h &#8211; Integra\u00e7\u00e3o e colabora\u00e7\u00e3o &#8211; Palestrante: Eng. Civil Giovani Marcos Bertol<\/p>\n<\/div>\n<div>\n<p>15h30 &#8211; Fala Crea-MS<\/p>\n<\/div>\n<div>\n<p>17h &#8211; Debate e encerramento &#8211; Palestrante: Janea Heliana de Arruda Nunes<\/p>\n<\/div>\n<\/div>\n<p>&nbsp;<\/p>\n<p><strong>A programa\u00e7\u00e3o tamb\u00e9m est\u00e1 dispon\u00edvel aqui: <a href=\"https:\/\/www.crea-mt.org.br\/portal\/wp-content\/uploads\/2026\/03\/Programacao-4\u00b0-Treinamento-Crea-MT-e-Mutua.pdf\">Programa\u00e7\u00e3o 4\u00b0 Treinamento Crea-MT e M\u00fatua<\/a><\/strong><\/p>\n<p>&nbsp;<\/p>\n<h5>Assessoria de Comunica\u00e7\u00e3o do Crea-MT<\/h5>\n<!-- WP Attachments -->\r\n        <div style=\"width:100%;margin:10px 0 10px 0;\">\r\n            <h3>Attachments<\/h3>\r\n        <ul class=\"post-attachments\"><li class=\"post-attachment mime-application-pdf\"><a href=\"https:\/\/www.crea-mt.org.br\/portal\/wp-content\/uploads\/2026\/03\/Programacao-4\u00b0-Treinamento-Crea-MT-e-Mutua.pdf\">Programa\u00e7\u00e3o 4\u00b0 Treinamento Crea-MT e M\u00fatua<\/a> <small>(258 kB)<\/small><\/li><\/ul><\/div>","protected":false},"excerpt":{"rendered":"<p>&nbsp; O Conselho Regional de Engenharia e Agronomia de Mato Grosso (Crea-MT) em parceria com a M\u00fatua, realizar\u00e1, nos dias 11, 12 e 13 de mar\u00e7o, o 4\u00b0 Treinamento para Conselheiros, Inspetores e Entidades de Classe, na sede do Conselho, em Cuiab\u00e1. A capacita\u00e7\u00e3o \u00e9 realizada todos os anos para orientar os novos profissionais com [&hellip;]<\/p>\n","protected":false},"author":2,"featured_media":68188,"comment_status":"closed","ping_status":"closed","sticky":false,"template":"","format":"standard","meta":{"footnotes":""},"categories":[1],"tags":[],"class_list":["post-68187","post","type-post","status-publish","format-standard","has-post-thumbnail","hentry","category-noticias"],"acf":[],"_links":{"self":[{"href":"https:\/\/www.crea-mt.org.br\/portal\/wp-json\/wp\/v2\/posts\/68187","targetHints":{"allow":["GET"]}}],"collection":[{"href":"https:\/\/www.crea-mt.org.br\/portal\/wp-json\/wp\/v2\/posts"}],"about":[{"href":"https:\/\/www.crea-mt.org.br\/portal\/wp-json\/wp\/v2\/types\/post"}],"author":[{"embeddable":true,"href":"https:\/\/www.crea-mt.org.br\/portal\/wp-json\/wp\/v2\/users\/2"}],"replies":[{"embeddable":true,"href":"https:\/\/www.crea-mt.org.br\/portal\/wp-json\/wp\/v2\/comments?post=68187"}],"version-history":[{"count":7,"href":"https:\/\/www.crea-mt.org.br\/portal\/wp-json\/wp\/v2\/posts\/68187\/revisions"}],"predecessor-version":[{"id":68633,"href":"https:\/\/www.crea-mt.org.br\/portal\/wp-json\/wp\/v2\/posts\/68187\/revisions\/68633"}],"wp:featuredmedia":[{"embeddable":true,"href":"https:\/\/www.crea-mt.org.br\/portal\/wp-json\/wp\/v2\/media\/68188"}],"wp:attachment":[{"href":"https:\/\/www.crea-mt.org.br\/portal\/wp-json\/wp\/v2\/media?parent=68187"}],"wp:term":[{"taxonomy":"category","embeddable":true,"href":"https:\/\/www.crea-mt.org.br\/portal\/wp-json\/wp\/v2\/categories?post=68187"},{"taxonomy":"post_tag","embeddable":true,"href":"https:\/\/www.crea-mt.org.br\/portal\/wp-json\/wp\/v2\/tags?post=68187"}],"curies":[{"name":"wp","href":"https:\/\/api.w.org\/{rel}","templated":true}]}}