{"id":6818,"date":"2007-04-13T00:00:00","date_gmt":"2007-04-13T03:00:00","guid":{"rendered":"https:\/\/crea-mt.org.br\/portal\/gas-natural-sofre-reajuste-de-20-em-maio-informa-abegas\/"},"modified":"2007-04-13T00:00:00","modified_gmt":"2007-04-13T03:00:00","slug":"gas-natural-sofre-reajuste-de-20-em-maio-informa-abegas","status":"publish","type":"post","link":"https:\/\/www.crea-mt.org.br\/portal\/gas-natural-sofre-reajuste-de-20-em-maio-informa-abegas\/","title":{"rendered":"G\u00e1s natural sofre reajuste de 20% em maio, informa Abeg\u00e1s"},"content":{"rendered":"<p>Fonte:Folha Online<\/p>\n<p>O g\u00e1s natural brasileiro ter\u00e1 um reajuste m\u00e9dio de 20% em maio, informou a Abeg\u00e1s (Associa\u00e7\u00e3o Brasileira das Empresas Distribuidoras de G\u00e1s Canalizado). <\/p>\n<p>Os reajustes ir\u00e3o variar segundo o uso do g\u00e1s. Para o g\u00e1s veicular, o reajuste previsto \u00e9 de 16%. O g\u00e1s residencial dever\u00e1 ficar 3% mais caro, enquanto o g\u00e1s comercial ser\u00e1 reajustado em 3,5% e o industrial deve subir cerca de 12,5%.<\/p>\n<p>T\u00e1xi \u00e9 abastecido com g\u00e1s natural em posto no bairro da Barra Funda, em S\u00e3o Paulo<br \/>\nSegundo a entidade, os reajustes ir\u00e3o variar em cada Estado por conta do custo de frete. Em S\u00e3o Paulo, por exemplo, que consome mais g\u00e1s importado do que nacional, a eleva\u00e7\u00e3o de pre\u00e7o deve ser menor. A previs\u00e3o \u00e9 de que 12 distribuidoras nacionais repassem a alta para seus pre\u00e7os. <\/p>\n<p>A Abeg\u00e1s explica que o g\u00e1s produzido em terras nacionais n\u00e3o era reajustado desde agosto de 2005, o que causou defasagem de valores em rela\u00e7\u00e3o ao combust\u00edvel boliviano, reajustado trimestralmente.<\/p>\n<p>A Petrobras tamb\u00e9m informou que reduzir\u00e1 o pre\u00e7o do g\u00e1s importado em 4,5% dentro do seu reajuste trimestral para diminuir o impacto da alta do g\u00e1s nacional. <\/p>\n<p>Ser\u00e3o atingidos pelo reajuste os Estados do Rio de Janeiro, Esp\u00edrito Santo, Bahia, Cear\u00e1, Pernambuco, Piau\u00ed, Goi\u00e1s, Para\u00edba, Rio Grande do Norte, Sergipe, Minas Gerais e S\u00e3o Paulo. <\/p>\n","protected":false},"excerpt":{"rendered":"<p>Fonte:Folha Online O g\u00e1s natural brasileiro ter\u00e1 um reajuste m\u00e9dio de 20% em maio, informou a Abeg\u00e1s (Associa\u00e7\u00e3o Brasileira das Empresas Distribuidoras de G\u00e1s Canalizado). Os reajustes ir\u00e3o variar segundo o uso do g\u00e1s. Para o g\u00e1s veicular, o reajuste previsto \u00e9 de 16%. O g\u00e1s residencial dever\u00e1 ficar 3% mais caro, enquanto o g\u00e1s [&hellip;]<\/p>\n","protected":false},"author":1,"featured_media":0,"comment_status":"open","ping_status":"open","sticky":false,"template":"","format":"standard","meta":{"footnotes":""},"categories":[1],"tags":[],"class_list":["post-6818","post","type-post","status-publish","format-standard","hentry","category-noticias"],"acf":[],"_links":{"self":[{"href":"https:\/\/www.crea-mt.org.br\/portal\/wp-json\/wp\/v2\/posts\/6818","targetHints":{"allow":["GET"]}}],"collection":[{"href":"https:\/\/www.crea-mt.org.br\/portal\/wp-json\/wp\/v2\/posts"}],"about":[{"href":"https:\/\/www.crea-mt.org.br\/portal\/wp-json\/wp\/v2\/types\/post"}],"author":[{"embeddable":true,"href":"https:\/\/www.crea-mt.org.br\/portal\/wp-json\/wp\/v2\/users\/1"}],"replies":[{"embeddable":true,"href":"https:\/\/www.crea-mt.org.br\/portal\/wp-json\/wp\/v2\/comments?post=6818"}],"version-history":[{"count":0,"href":"https:\/\/www.crea-mt.org.br\/portal\/wp-json\/wp\/v2\/posts\/6818\/revisions"}],"wp:attachment":[{"href":"https:\/\/www.crea-mt.org.br\/portal\/wp-json\/wp\/v2\/media?parent=6818"}],"wp:term":[{"taxonomy":"category","embeddable":true,"href":"https:\/\/www.crea-mt.org.br\/portal\/wp-json\/wp\/v2\/categories?post=6818"},{"taxonomy":"post_tag","embeddable":true,"href":"https:\/\/www.crea-mt.org.br\/portal\/wp-json\/wp\/v2\/tags?post=6818"}],"curies":[{"name":"wp","href":"https:\/\/api.w.org\/{rel}","templated":true}]}}