{"id":6817,"date":"2007-04-13T00:00:00","date_gmt":"2007-04-13T03:00:00","guid":{"rendered":"https:\/\/crea-mt.org.br\/portal\/crea-mt-realiza-ii-pre-congresso-hoje-em-caceres\/"},"modified":"2007-04-13T00:00:00","modified_gmt":"2007-04-13T03:00:00","slug":"crea-mt-realiza-ii-pre-congresso-hoje-em-caceres","status":"publish","type":"post","link":"https:\/\/www.crea-mt.org.br\/portal\/crea-mt-realiza-ii-pre-congresso-hoje-em-caceres\/","title":{"rendered":"Crea-MT realiza II Pr\u00e9-congresso hoje em C\u00e1ceres"},"content":{"rendered":"<p>Pr\u00e9-congressos se estendem at\u00e9 o final de abril. Eventos t\u00eam a participa\u00e7\u00e3o das Inspetorias Regionais do Crea-MT <\/p>\n<p>Hoje (13.04), a partir das 19h em C\u00e1ceres, no Beffet Casal Garcia, ser\u00e1 realizado o segundo Pr\u00e9-congresso Regional, evento preparat\u00f3rio para o 6\u00b0 Congresso de Profissionais (6\u00b0CEP), que ocorre em 12 de maio em Cuiab\u00e1. O objetivo \u00e9 incentivar a participa\u00e7\u00e3o dos profissionais ligados ao Conselho Regional de Engenharia, Arquitetura e Agronomia do Mato Grosso (Crea-MT) e sociedade em geral a debater novas legisla\u00e7\u00f5es para os profissionais do Sistema Confea\/Crea, o exerc\u00edcio legal da profiss\u00e3o e o papel desses profissionais no desenvolvimento socioecon\u00f4mico de Mato Grosso.<\/p>\n<p>O primeiro pr\u00e9-congresso foi realizado no dia 11 de abril em Tangar\u00e1 da Serra. O evento que reuniu mais de 80 pessoas contou com a participa\u00e7\u00e3o do presidente do Crea-MT, Tarciso Bassan.<\/p>\n<p>Os pr\u00f3ximos pr\u00e9-congressos est\u00e3o marcados para 18 de abril em Sinop, a partir das 19h no audit\u00f3rio da Unemat; em 25 de abril na Associa\u00e7\u00e3o de Engenheiros Agr\u00f4nomos (Aeagro) em Rondon\u00f3polis e, em Barra do Gar\u00e7as no dia 27 de abril na C\u00e2mara Municipal. <\/p>\n<p>*Rafaela Maximiano<br \/>\nAssessoria\/Crea-MT<br \/>\n*Cristina Cavalero<br \/>\nEspecial para o Crea\/MT<\/p>\n","protected":false},"excerpt":{"rendered":"<p>Pr\u00e9-congressos se estendem at\u00e9 o final de abril. Eventos t\u00eam a participa\u00e7\u00e3o das Inspetorias Regionais do Crea-MT Hoje (13.04), a partir das 19h em C\u00e1ceres, no Beffet Casal Garcia, ser\u00e1 realizado o segundo Pr\u00e9-congresso Regional, evento preparat\u00f3rio para o 6\u00b0 Congresso de Profissionais (6\u00b0CEP), que ocorre em 12 de maio em Cuiab\u00e1. O objetivo \u00e9 [&hellip;]<\/p>\n","protected":false},"author":1,"featured_media":0,"comment_status":"open","ping_status":"open","sticky":false,"template":"","format":"standard","meta":{"footnotes":""},"categories":[1],"tags":[],"class_list":["post-6817","post","type-post","status-publish","format-standard","hentry","category-noticias"],"acf":[],"_links":{"self":[{"href":"https:\/\/www.crea-mt.org.br\/portal\/wp-json\/wp\/v2\/posts\/6817","targetHints":{"allow":["GET"]}}],"collection":[{"href":"https:\/\/www.crea-mt.org.br\/portal\/wp-json\/wp\/v2\/posts"}],"about":[{"href":"https:\/\/www.crea-mt.org.br\/portal\/wp-json\/wp\/v2\/types\/post"}],"author":[{"embeddable":true,"href":"https:\/\/www.crea-mt.org.br\/portal\/wp-json\/wp\/v2\/users\/1"}],"replies":[{"embeddable":true,"href":"https:\/\/www.crea-mt.org.br\/portal\/wp-json\/wp\/v2\/comments?post=6817"}],"version-history":[{"count":0,"href":"https:\/\/www.crea-mt.org.br\/portal\/wp-json\/wp\/v2\/posts\/6817\/revisions"}],"wp:attachment":[{"href":"https:\/\/www.crea-mt.org.br\/portal\/wp-json\/wp\/v2\/media?parent=6817"}],"wp:term":[{"taxonomy":"category","embeddable":true,"href":"https:\/\/www.crea-mt.org.br\/portal\/wp-json\/wp\/v2\/categories?post=6817"},{"taxonomy":"post_tag","embeddable":true,"href":"https:\/\/www.crea-mt.org.br\/portal\/wp-json\/wp\/v2\/tags?post=6817"}],"curies":[{"name":"wp","href":"https:\/\/api.w.org\/{rel}","templated":true}]}}