{"id":68166,"date":"2026-03-02T08:07:18","date_gmt":"2026-03-02T12:07:18","guid":{"rendered":"https:\/\/www.crea-mt.org.br\/portal\/?p=68166"},"modified":"2026-03-02T08:07:18","modified_gmt":"2026-03-02T12:07:18","slug":"nota-de-pesar-crea-mt-lamenta-falecimento-de-engenheiro-eletricista-2","status":"publish","type":"post","link":"https:\/\/www.crea-mt.org.br\/portal\/nota-de-pesar-crea-mt-lamenta-falecimento-de-engenheiro-eletricista-2\/","title":{"rendered":"Nota de Pesar: Crea-MT lamenta falecimento de engenheiro eletricista"},"content":{"rendered":"<p><img loading=\"lazy\" decoding=\"async\" class=\"aligncenter size-medium wp-image-68167\" src=\"https:\/\/www.crea-mt.org.br\/portal\/wp-content\/uploads\/2026\/03\/WhatsApp-Image-2026-03-02-at-07.23.45.jpeg\" alt=\"\" width=\"314\" height=\"360\" srcset=\"https:\/\/www.crea-mt.org.br\/portal\/wp-content\/uploads\/2026\/03\/WhatsApp-Image-2026-03-02-at-07.23.45.jpeg 368w, https:\/\/www.crea-mt.org.br\/portal\/wp-content\/uploads\/2026\/03\/WhatsApp-Image-2026-03-02-at-07.23.45-336x385.jpeg 336w\" sizes=\"auto, (max-width: 314px) 100vw, 314px\" \/><\/p>\n<p class=\"cvGsUA direction-ltr align-justify para-style-body\"><span class=\"a_GcMg font-feature-liga-off font-feature-clig-off font-feature-calt-off text-decoration-none text-strikethrough-none\">O Conselho Regional de Engenharia e Agronomia de Mato Grosso (Crea-MT) lamenta profundamente o falecimento do engenheiro eletricista e civil <\/span><span class=\"a_GcMg font-feature-liga-off font-feature-clig-off font-feature-calt-off text-decoration-none text-strikethrough-none\">Julio Hirochi Yamamoto Filho, ocorrido neste domingo (1\u00b0).<\/span><\/p>\n<p class=\"cvGsUA direction-ltr align-justify para-style-body\"><span class=\"a_GcMg font-feature-liga-off font-feature-clig-off font-feature-calt-off text-decoration-none text-strikethrough-none\">O vel\u00f3rio ser\u00e1<\/span><span class=\"a_GcMg font-feature-liga-off font-feature-clig-off font-feature-calt-off text-decoration-none text-strikethrough-none\"> nesta segunda-feira (02), a partir das 6h, na Capela Jardins, sala L\u00edrios.. O sepultamento ser\u00e1 no Cemit\u00e9rio Recanto da Paz em V\u00e1rzea Grande.<\/span><\/p>\n<p class=\"cvGsUA direction-ltr align-justify para-style-body\"><span class=\"a_GcMg font-feature-liga-off font-feature-clig-off font-feature-calt-off text-decoration-none text-strikethrough-none\">O presidente do Crea-MT, eng. civil Juares Samaniego, diretoria, conselheiros e colaboradores manifestam aos familiares e amigos seus sentimentos de solidariedade e os mais sinceros p\u00easames.<\/span><\/p>\n<p>&nbsp;<\/p>\n<h5>Assessoria de Comunica\u00e7\u00e3o do Crea-MT<\/h5>\n","protected":false},"excerpt":{"rendered":"<p>O Conselho Regional de Engenharia e Agronomia de Mato Grosso (Crea-MT) lamenta profundamente o falecimento do engenheiro eletricista e civil Julio Hirochi Yamamoto Filho, ocorrido neste domingo (1\u00b0). O vel\u00f3rio ser\u00e1 nesta segunda-feira (02), a partir das 6h, na Capela Jardins, sala L\u00edrios.. O sepultamento ser\u00e1 no Cemit\u00e9rio Recanto da Paz em V\u00e1rzea Grande. O [&hellip;]<\/p>\n","protected":false},"author":2,"featured_media":56647,"comment_status":"closed","ping_status":"closed","sticky":false,"template":"","format":"standard","meta":{"footnotes":""},"categories":[1],"tags":[],"class_list":["post-68166","post","type-post","status-publish","format-standard","has-post-thumbnail","hentry","category-noticias"],"acf":[],"_links":{"self":[{"href":"https:\/\/www.crea-mt.org.br\/portal\/wp-json\/wp\/v2\/posts\/68166","targetHints":{"allow":["GET"]}}],"collection":[{"href":"https:\/\/www.crea-mt.org.br\/portal\/wp-json\/wp\/v2\/posts"}],"about":[{"href":"https:\/\/www.crea-mt.org.br\/portal\/wp-json\/wp\/v2\/types\/post"}],"author":[{"embeddable":true,"href":"https:\/\/www.crea-mt.org.br\/portal\/wp-json\/wp\/v2\/users\/2"}],"replies":[{"embeddable":true,"href":"https:\/\/www.crea-mt.org.br\/portal\/wp-json\/wp\/v2\/comments?post=68166"}],"version-history":[{"count":1,"href":"https:\/\/www.crea-mt.org.br\/portal\/wp-json\/wp\/v2\/posts\/68166\/revisions"}],"predecessor-version":[{"id":68168,"href":"https:\/\/www.crea-mt.org.br\/portal\/wp-json\/wp\/v2\/posts\/68166\/revisions\/68168"}],"wp:featuredmedia":[{"embeddable":true,"href":"https:\/\/www.crea-mt.org.br\/portal\/wp-json\/wp\/v2\/media\/56647"}],"wp:attachment":[{"href":"https:\/\/www.crea-mt.org.br\/portal\/wp-json\/wp\/v2\/media?parent=68166"}],"wp:term":[{"taxonomy":"category","embeddable":true,"href":"https:\/\/www.crea-mt.org.br\/portal\/wp-json\/wp\/v2\/categories?post=68166"},{"taxonomy":"post_tag","embeddable":true,"href":"https:\/\/www.crea-mt.org.br\/portal\/wp-json\/wp\/v2\/tags?post=68166"}],"curies":[{"name":"wp","href":"https:\/\/api.w.org\/{rel}","templated":true}]}}