{"id":68163,"date":"2026-03-02T07:59:45","date_gmt":"2026-03-02T11:59:45","guid":{"rendered":"https:\/\/www.crea-mt.org.br\/portal\/?p=68163"},"modified":"2026-03-02T07:59:45","modified_gmt":"2026-03-02T11:59:45","slug":"nota-de-pesar-crea-mt-lamenta-falecimento-de-engenheiro-civil-12","status":"publish","type":"post","link":"https:\/\/www.crea-mt.org.br\/portal\/nota-de-pesar-crea-mt-lamenta-falecimento-de-engenheiro-civil-12\/","title":{"rendered":"Nota de Pesar: Crea-MT lamenta falecimento de engenheiro civil"},"content":{"rendered":"<p><img loading=\"lazy\" decoding=\"async\" class=\"aligncenter  wp-image-68164\" src=\"https:\/\/www.crea-mt.org.br\/portal\/wp-content\/uploads\/2026\/03\/WhatsApp-Image-2026-02-28-at-09.30.33.jpg\" alt=\"\" width=\"213\" height=\"257\" \/><\/p>\n<p class=\"cvGsUA direction-ltr align-justify para-style-body\"><span class=\"a_GcMg font-feature-liga-off font-feature-clig-off font-feature-calt-off text-decoration-none text-strikethrough-none\">O Conselho Regional de Engenharia e Agronomia de Mato Grosso (Crea-MT) lamenta profundamente o falecimento do engenheiro civil Jos\u00e9 de Campos Figueiredo, conhecido como \u201cXic-Xic\u201d, ocorrido neste s\u00e1bado (28).<\/span><\/p>\n<p class=\"cvGsUA direction-ltr align-justify para-style-body\"><span class=\"a_GcMg font-feature-liga-off font-feature-clig-off font-feature-calt-off text-decoration-none text-strikethrough-none\">O vel\u00f3rio foi realizado \u00e0s 14h, na Capela 4 da Pax Nacional do CPA 2. O sepultamento aconteceu domingo (1\u00b0), \u00e0s 11h, no Cemit\u00e9rio Bom Jesus de Cuiab\u00e1.<\/span><\/p>\n<p class=\"cvGsUA direction-ltr align-justify para-style-body\"><span class=\"a_GcMg font-feature-liga-off font-feature-clig-off font-feature-calt-off text-decoration-none text-strikethrough-none\">O presidente do Crea-MT, eng. civil Juares Samaniego, diretoria, conselheiros e colaboradores manifestam aos familiares e amigos seus sentimentos de solidariedade e os mais sinceros p\u00easames.<\/span><\/p>\n<p>&nbsp;<\/p>\n<h5>Assessoria de Comunica\u00e7\u00e3o do Crea-MT<\/h5>\n","protected":false},"excerpt":{"rendered":"<p>O Conselho Regional de Engenharia e Agronomia de Mato Grosso (Crea-MT) lamenta profundamente o falecimento do engenheiro civil Jos\u00e9 de Campos Figueiredo, conhecido como \u201cXic-Xic\u201d, ocorrido neste s\u00e1bado (28). O vel\u00f3rio foi realizado \u00e0s 14h, na Capela 4 da Pax Nacional do CPA 2. O sepultamento aconteceu domingo (1\u00b0), \u00e0s 11h, no Cemit\u00e9rio Bom Jesus [&hellip;]<\/p>\n","protected":false},"author":2,"featured_media":56647,"comment_status":"closed","ping_status":"closed","sticky":false,"template":"","format":"standard","meta":{"footnotes":""},"categories":[1],"tags":[],"class_list":["post-68163","post","type-post","status-publish","format-standard","has-post-thumbnail","hentry","category-noticias"],"acf":[],"_links":{"self":[{"href":"https:\/\/www.crea-mt.org.br\/portal\/wp-json\/wp\/v2\/posts\/68163","targetHints":{"allow":["GET"]}}],"collection":[{"href":"https:\/\/www.crea-mt.org.br\/portal\/wp-json\/wp\/v2\/posts"}],"about":[{"href":"https:\/\/www.crea-mt.org.br\/portal\/wp-json\/wp\/v2\/types\/post"}],"author":[{"embeddable":true,"href":"https:\/\/www.crea-mt.org.br\/portal\/wp-json\/wp\/v2\/users\/2"}],"replies":[{"embeddable":true,"href":"https:\/\/www.crea-mt.org.br\/portal\/wp-json\/wp\/v2\/comments?post=68163"}],"version-history":[{"count":1,"href":"https:\/\/www.crea-mt.org.br\/portal\/wp-json\/wp\/v2\/posts\/68163\/revisions"}],"predecessor-version":[{"id":68165,"href":"https:\/\/www.crea-mt.org.br\/portal\/wp-json\/wp\/v2\/posts\/68163\/revisions\/68165"}],"wp:featuredmedia":[{"embeddable":true,"href":"https:\/\/www.crea-mt.org.br\/portal\/wp-json\/wp\/v2\/media\/56647"}],"wp:attachment":[{"href":"https:\/\/www.crea-mt.org.br\/portal\/wp-json\/wp\/v2\/media?parent=68163"}],"wp:term":[{"taxonomy":"category","embeddable":true,"href":"https:\/\/www.crea-mt.org.br\/portal\/wp-json\/wp\/v2\/categories?post=68163"},{"taxonomy":"post_tag","embeddable":true,"href":"https:\/\/www.crea-mt.org.br\/portal\/wp-json\/wp\/v2\/tags?post=68163"}],"curies":[{"name":"wp","href":"https:\/\/api.w.org\/{rel}","templated":true}]}}