{"id":6815,"date":"2007-04-16T00:00:00","date_gmt":"2007-04-16T03:00:00","guid":{"rendered":"https:\/\/crea-mt.org.br\/portal\/aprosoja-e-convidada-a-participar-do-forum\/"},"modified":"2007-04-16T00:00:00","modified_gmt":"2007-04-16T03:00:00","slug":"aprosoja-e-convidada-a-participar-do-forum","status":"publish","type":"post","link":"https:\/\/www.crea-mt.org.br\/portal\/aprosoja-e-convidada-a-participar-do-forum\/","title":{"rendered":"Aprosoja \u00e9 convidada a participar do F\u00f3rum"},"content":{"rendered":"<p>O presidente do F\u00f3rum Pr\u00f3-ferrovia em Cuiab\u00e1, vereador Francisco Vuolo (PR), convidou a Associa\u00e7\u00e3o dos Produtores de Soja de Mato Grosso (Aprosoja\/MT) para fazer parte do movimento, que reivindica a chegada dos trilhos da ferrovia Senador Vuolo a Capital. Na oportunidade, Vuolo apresentou um relato sobre os trabalhos j\u00e1 desenvolvidos pelo F\u00f3rum, os pr\u00f3ximos passos, al\u00e9m de mostrar os benef\u00edcios gerados por uma ferrovia. &#8220;A Aprosoja ser\u00e1 parceira do movimento. Vamos estudar qual ser\u00e1 a melhor forma para que a entidade participe da luta pela chegada da ferrovia at\u00e9 Cuiab\u00e1&#8221;, afirmou o presidente da Aprosoja, Rui Prado.<\/p>\n<p>Fonte:Di\u00e1rio de Cuiab\u00e1 <\/p>\n","protected":false},"excerpt":{"rendered":"<p>O presidente do F\u00f3rum Pr\u00f3-ferrovia em Cuiab\u00e1, vereador Francisco Vuolo (PR), convidou a Associa\u00e7\u00e3o dos Produtores de Soja de Mato Grosso (Aprosoja\/MT) para fazer parte do movimento, que reivindica a chegada dos trilhos da ferrovia Senador Vuolo a Capital. Na oportunidade, Vuolo apresentou um relato sobre os trabalhos j\u00e1 desenvolvidos pelo F\u00f3rum, os pr\u00f3ximos passos, [&hellip;]<\/p>\n","protected":false},"author":1,"featured_media":0,"comment_status":"open","ping_status":"open","sticky":false,"template":"","format":"standard","meta":{"footnotes":""},"categories":[1],"tags":[],"class_list":["post-6815","post","type-post","status-publish","format-standard","hentry","category-noticias"],"acf":[],"_links":{"self":[{"href":"https:\/\/www.crea-mt.org.br\/portal\/wp-json\/wp\/v2\/posts\/6815","targetHints":{"allow":["GET"]}}],"collection":[{"href":"https:\/\/www.crea-mt.org.br\/portal\/wp-json\/wp\/v2\/posts"}],"about":[{"href":"https:\/\/www.crea-mt.org.br\/portal\/wp-json\/wp\/v2\/types\/post"}],"author":[{"embeddable":true,"href":"https:\/\/www.crea-mt.org.br\/portal\/wp-json\/wp\/v2\/users\/1"}],"replies":[{"embeddable":true,"href":"https:\/\/www.crea-mt.org.br\/portal\/wp-json\/wp\/v2\/comments?post=6815"}],"version-history":[{"count":0,"href":"https:\/\/www.crea-mt.org.br\/portal\/wp-json\/wp\/v2\/posts\/6815\/revisions"}],"wp:attachment":[{"href":"https:\/\/www.crea-mt.org.br\/portal\/wp-json\/wp\/v2\/media?parent=6815"}],"wp:term":[{"taxonomy":"category","embeddable":true,"href":"https:\/\/www.crea-mt.org.br\/portal\/wp-json\/wp\/v2\/categories?post=6815"},{"taxonomy":"post_tag","embeddable":true,"href":"https:\/\/www.crea-mt.org.br\/portal\/wp-json\/wp\/v2\/tags?post=6815"}],"curies":[{"name":"wp","href":"https:\/\/api.w.org\/{rel}","templated":true}]}}