{"id":6813,"date":"2007-04-16T00:00:00","date_gmt":"2007-04-16T03:00:00","guid":{"rendered":"https:\/\/crea-mt.org.br\/portal\/pacote-de-obras-de-arruda-vai-priorizar-a-educacao\/"},"modified":"2007-04-16T00:00:00","modified_gmt":"2007-04-16T03:00:00","slug":"pacote-de-obras-de-arruda-vai-priorizar-a-educacao","status":"publish","type":"post","link":"https:\/\/www.crea-mt.org.br\/portal\/pacote-de-obras-de-arruda-vai-priorizar-a-educacao\/","title":{"rendered":"Pacote de obras de Arruda vai priorizar a educa\u00e7\u00e3o"},"content":{"rendered":"<p>Fonte: CorreioWeb<\/p>\n<p>O pacote de obras, anunciado nesta segunda-feira pelo governador Jos\u00e9 Roberto Arruda, prioriza a Educa\u00e7\u00e3o. Dos R$ 650 milh\u00f5es que ser\u00e3o investidos em obras nos pr\u00f3ximos anos pelo Governo do Distrito Federal (GDF), R$ 336 milh\u00f5es v\u00e3o para a \u00e1rea. Desses, R$ 48,5 milh\u00f5es ser\u00e3o investidos na constru\u00e7\u00e3o e reformas de 22 escolas. Outros R$ 285 milh\u00f5es ser\u00e3o usados para as constru\u00e7\u00f5es de Vilas Ol\u00edmpicas e outros centros dedicados ao lazer e ensino de crian\u00e7as e adolescentes. <\/p>\n<p>No pacote de obras para escolas, h\u00e1 quatro pr\u00e9dios de madeirite e lata que, de acordo com a promessa do governo, ser\u00e3o finalmente constru\u00eddos. Outros cinco col\u00e9gios ser\u00e3o erguidos, cinco reconstru\u00eddos e oito reformados. As cidades que mais v\u00e3o ganhar com o pacote s\u00e3o Sobradinho, Recanto das Emas e Samambaia. &#8220;S\u00e3o obras e reformas que h\u00e1 muito tempo est\u00e3o paradas na fila esperando para serem feitas. Elas atendem demandas hist\u00f3ricas de v\u00e1rias cidades e v\u00e3o garantir um melhor padr\u00e3o de ensino&#8221;, explica a secret\u00e1ria de Educa\u00e7\u00e3o, Maria Helena Guimar\u00e3es. <\/p>\n<p>Arruda tamb\u00e9m anunciou a constru\u00e7\u00e3o de Vilas Ol\u00edmpicas. No entanto, reduziu de seis para oito o n\u00fameros de complexos esportivos. As cidades contempladas s\u00e3o Itapo\u00e3, Brazl\u00e2ndia, Santa Maria, Ceil\u00e2ndia, S\u00e3o Sebasti\u00e3o e Estrutural. O governo tamb\u00e9m pretende reformar o planet\u00e1rio, pr\u00e9dio abandonado que fica pr\u00f3ximo \u00e0 Funarte, no Eixo Monumental e construir a Escola de M\u00fasica Rafael Rabelo. Para todas essas obras, ser\u00e3o gastos R$ 285 mil. &#8220;S\u00e3o obras ligadas \u00e0 cultura, ao esporte, que de qualquer forma, colaboram para o desenvolvimento da educa\u00e7\u00e3o&#8221;, lembra Arruda. <\/p>\n<p>Sa\u00fade<br \/>\nPara a Sa\u00fade, Arruda promete construir dois hospitais, um no Recanto das Emas e outro em S\u00e3o Sebasti\u00e3o. Nos planos do governo, tamb\u00e9m est\u00e1 a constru\u00e7\u00e3o de sete centros de sa\u00fade. O or\u00e7amento para a \u00e1rea, no entanto, \u00e9 de apenas 60 milh\u00f5es. <\/p>\n","protected":false},"excerpt":{"rendered":"<p>Fonte: CorreioWeb O pacote de obras, anunciado nesta segunda-feira pelo governador Jos\u00e9 Roberto Arruda, prioriza a Educa\u00e7\u00e3o. Dos R$ 650 milh\u00f5es que ser\u00e3o investidos em obras nos pr\u00f3ximos anos pelo Governo do Distrito Federal (GDF), R$ 336 milh\u00f5es v\u00e3o para a \u00e1rea. Desses, R$ 48,5 milh\u00f5es ser\u00e3o investidos na constru\u00e7\u00e3o e reformas de 22 escolas. [&hellip;]<\/p>\n","protected":false},"author":1,"featured_media":0,"comment_status":"open","ping_status":"open","sticky":false,"template":"","format":"standard","meta":{"footnotes":""},"categories":[1],"tags":[],"class_list":["post-6813","post","type-post","status-publish","format-standard","hentry","category-noticias"],"acf":[],"_links":{"self":[{"href":"https:\/\/www.crea-mt.org.br\/portal\/wp-json\/wp\/v2\/posts\/6813","targetHints":{"allow":["GET"]}}],"collection":[{"href":"https:\/\/www.crea-mt.org.br\/portal\/wp-json\/wp\/v2\/posts"}],"about":[{"href":"https:\/\/www.crea-mt.org.br\/portal\/wp-json\/wp\/v2\/types\/post"}],"author":[{"embeddable":true,"href":"https:\/\/www.crea-mt.org.br\/portal\/wp-json\/wp\/v2\/users\/1"}],"replies":[{"embeddable":true,"href":"https:\/\/www.crea-mt.org.br\/portal\/wp-json\/wp\/v2\/comments?post=6813"}],"version-history":[{"count":0,"href":"https:\/\/www.crea-mt.org.br\/portal\/wp-json\/wp\/v2\/posts\/6813\/revisions"}],"wp:attachment":[{"href":"https:\/\/www.crea-mt.org.br\/portal\/wp-json\/wp\/v2\/media?parent=6813"}],"wp:term":[{"taxonomy":"category","embeddable":true,"href":"https:\/\/www.crea-mt.org.br\/portal\/wp-json\/wp\/v2\/categories?post=6813"},{"taxonomy":"post_tag","embeddable":true,"href":"https:\/\/www.crea-mt.org.br\/portal\/wp-json\/wp\/v2\/tags?post=6813"}],"curies":[{"name":"wp","href":"https:\/\/api.w.org\/{rel}","templated":true}]}}